{"id":52472,"date":"2024-05-30T16:45:18","date_gmt":"2024-05-30T19:45:18","guid":{"rendered":"https:\/\/infovera.com.ar\/web\/?p=52472"},"modified":"2024-05-30T16:45:18","modified_gmt":"2024-05-30T19:45:18","slug":"cronograma-de-pago-de-haberes-de-mayo","status":"publish","type":"post","link":"https:\/\/infovera.com.ar\/web\/2024\/05\/30\/cronograma-de-pago-de-haberes-de-mayo\/","title":{"rendered":"Cronograma de pago de haberes de mayo"},"content":{"rendered":"<p>El Gobierno de la Provincia informa que los empleados estatales percibir\u00e1n los haberes de mayo desde el lunes 3 de junio. Cabe recordar que esta liquidaci\u00f3n incluye el aumento del 14 % acordado en la \u00faltima paritaria (9 % correspondiente a abril y 5 % correspondiente a mayo). Adem\u00e1s, el diferencial restante (9 %) no cobrado en abril se abonar\u00e1 el 10 de junio.<\/p>\n<p>Lunes 3 de Junio (acreditaci\u00f3n en cuenta a partir del s\u00e1bado 1):<\/p>\n<p>Pasivos a los que les corresponde percibir un monto de bolsillo de hasta $ 695.000<\/p>\n<p>Escalaf\u00f3n Policial<\/p>\n<p>Martes 4 de Junio:<\/p>\n<p>Activos a los que les corresponde percibir un monto de bolsillo de hasta $ 661.000<\/p>\n<p>Docentes de Escuelas Privadas Transferidas 1\u00b0 y 2\u00b0 Convenio<\/p>\n<p>Mi\u00e9rcoles 5 de Junio<\/p>\n<p>Resto de activos a los que les corresponde percibir un monto de bolsillo superior a $ 661.000<\/p>\n<p>Docentes de Escuelas Privadas Hist\u00f3ricas<\/p>\n<p>Jueves 6 de Junio:<\/p>\n<p>Resto de pasivos a los que les corresponde percibir un monto de bolsillo superior a los $ 695.000<\/p>\n<p>Viernes 7 de Junio:<\/p>\n<p>Autoridades Superiores, Poder Judicial, Poder Legislativo y Poder Ejecutivo.<\/p>\n<p>Lunes 10 de Junio (acreditaci\u00f3n en cuenta a partir del s\u00e1bado 8)<\/p>\n<p>\u2022 Se abonar\u00e1n las diferencias por aumentos de sueldos mes de abril de activos, pasivos y autoridades superiores<\/p>\n","protected":false},"excerpt":{"rendered":"<p>El Gobierno de la Provincia informa que los empleados estatales percibir\u00e1n los haberes de mayo desde el lunes 3 de junio. Cabe recordar que esta liquidaci\u00f3n incluye el aumento del 14 % acordado en la \u00faltima paritaria (9 % correspondiente a abril y 5 % correspondiente a mayo). Adem\u00e1s, el diferencial restante (9 %) no [&hellip;]<\/p>\n","protected":false},"author":3,"featured_media":52473,"comment_status":"closed","ping_status":"closed","sticky":false,"template":"","format":"standard","meta":{"_joinchat":[],"footnotes":""},"categories":[60],"tags":[],"class_list":{"0":"post-52472","1":"post","2":"type-post","3":"status-publish","4":"format-standard","5":"has-post-thumbnail","7":"category-provinciales"},"_links":{"self":[{"href":"https:\/\/infovera.com.ar\/web\/wp-json\/wp\/v2\/posts\/52472","targetHints":{"allow":["GET"]}}],"collection":[{"href":"https:\/\/infovera.com.ar\/web\/wp-json\/wp\/v2\/posts"}],"about":[{"href":"https:\/\/infovera.com.ar\/web\/wp-json\/wp\/v2\/types\/post"}],"author":[{"embeddable":true,"href":"https:\/\/infovera.com.ar\/web\/wp-json\/wp\/v2\/users\/3"}],"replies":[{"embeddable":true,"href":"https:\/\/infovera.com.ar\/web\/wp-json\/wp\/v2\/comments?post=52472"}],"version-history":[{"count":0,"href":"https:\/\/infovera.com.ar\/web\/wp-json\/wp\/v2\/posts\/52472\/revisions"}],"wp:featuredmedia":[{"embeddable":true,"href":"https:\/\/infovera.com.ar\/web\/wp-json\/wp\/v2\/media\/52473"}],"wp:attachment":[{"href":"https:\/\/infovera.com.ar\/web\/wp-json\/wp\/v2\/media?parent=52472"}],"wp:term":[{"taxonomy":"category","embeddable":true,"href":"https:\/\/infovera.com.ar\/web\/wp-json\/wp\/v2\/categories?post=52472"},{"taxonomy":"post_tag","embeddable":true,"href":"https:\/\/infovera.com.ar\/web\/wp-json\/wp\/v2\/tags?post=52472"}],"curies":[{"name":"wp","href":"https:\/\/api.w.org\/{rel}","templated":true}]}}