{"id":52392,"date":"2024-05-26T20:39:09","date_gmt":"2024-05-26T23:39:09","guid":{"rendered":"https:\/\/infovera.com.ar\/web\/?p=52392"},"modified":"2024-05-26T20:39:09","modified_gmt":"2024-05-26T23:39:09","slug":"dionisio-scarpin-con-la-audiencia-publica-en-diputados-seguimos-sumando-fuerzas-por-la-ruta-11","status":"publish","type":"post","link":"https:\/\/infovera.com.ar\/web\/2024\/05\/26\/dionisio-scarpin-con-la-audiencia-publica-en-diputados-seguimos-sumando-fuerzas-por-la-ruta-11\/","title":{"rendered":"Dionisio Scarpin: \u201cCon la Audiencia P\u00fablica en Diputados, seguimos sumando fuerzas por la Ruta 11\u201d"},"content":{"rendered":"<p>El encuentro se realizar\u00e1 este mi\u00e9rcoles 29 de mayo en el recinto de la C\u00e1mara Baja. \u201cEs una acci\u00f3n m\u00e1s de las que tenemos pensadas para que el gobierno nacional tome conciencia de que la gente que transita por esta v\u00eda arriesga la vida\u201d, afirm\u00f3 el diputado provincial.<\/p>\n<p>Este mi\u00e9rcoles 29 de mayo a las 15 horas se llevar\u00e1 a cabo la Audiencia P\u00fablica para abordar la situaci\u00f3n actual de la Ruta Nacional N\u00b011. El encuentro contar\u00e1 con un listado de oradores y quienes quieran participar podr\u00e1n inscribirse en el siguiente formulario: https:\/\/forms.gle\/c9DYLBwhm4qCGvyk7.<\/p>\n<p>\u201cEsta iniciativa surgi\u00f3 del encuentro que se llev\u00f3 a cabo en Malabrigo, convocado por las Defensor\u00edas de las provincias de Santa Fe y Chaco\u201d, se\u00f1al\u00f3 el diputado provincial Dionisio Scarpin. En la misma l\u00ednea, indic\u00f3: \u201cLa reparaci\u00f3n de esta v\u00eda no puede esperar m\u00e1s, por eso seguimos sumando fuerzas para tratar de sensibilizar al gobierno nacional y que tome conciencia de que en esta ruta se arriesga la vida todo el tiempo\u201d.<\/p>\n<p>Por otra parte, el legislador provincial destac\u00f3 el trabajo que viene llevando adelante el Gobierno provincial para que Naci\u00f3n realice los trabajos de mantenimiento que corresponden. Adem\u00e1s agreg\u00f3: \u201cHemos tenido algunas noticias alentadoras, pero todav\u00eda no vemos que se tapen los pozos o se corte el pasto. Por lo tanto vamos a seguir insistiendo y despu\u00e9s de esta acci\u00f3n, que es la Audiencia P\u00fablica, seguramente llevaremos adelante otras\u201d.<\/p>\n","protected":false},"excerpt":{"rendered":"<p>El encuentro se realizar\u00e1 este mi\u00e9rcoles 29 de mayo en el recinto de la C\u00e1mara Baja. \u201cEs una acci\u00f3n m\u00e1s de las que tenemos pensadas para que el gobierno nacional tome conciencia de que la gente que transita por esta v\u00eda arriesga la vida\u201d, afirm\u00f3 el diputado provincial. Este mi\u00e9rcoles 29 de mayo a las [&hellip;]<\/p>\n","protected":false},"author":3,"featured_media":52393,"comment_status":"closed","ping_status":"closed","sticky":false,"template":"","format":"standard","meta":{"_joinchat":[],"footnotes":""},"categories":[60],"tags":[],"class_list":{"0":"post-52392","1":"post","2":"type-post","3":"status-publish","4":"format-standard","5":"has-post-thumbnail","7":"category-provinciales"},"_links":{"self":[{"href":"https:\/\/infovera.com.ar\/web\/wp-json\/wp\/v2\/posts\/52392","targetHints":{"allow":["GET"]}}],"collection":[{"href":"https:\/\/infovera.com.ar\/web\/wp-json\/wp\/v2\/posts"}],"about":[{"href":"https:\/\/infovera.com.ar\/web\/wp-json\/wp\/v2\/types\/post"}],"author":[{"embeddable":true,"href":"https:\/\/infovera.com.ar\/web\/wp-json\/wp\/v2\/users\/3"}],"replies":[{"embeddable":true,"href":"https:\/\/infovera.com.ar\/web\/wp-json\/wp\/v2\/comments?post=52392"}],"version-history":[{"count":0,"href":"https:\/\/infovera.com.ar\/web\/wp-json\/wp\/v2\/posts\/52392\/revisions"}],"wp:featuredmedia":[{"embeddable":true,"href":"https:\/\/infovera.com.ar\/web\/wp-json\/wp\/v2\/media\/52393"}],"wp:attachment":[{"href":"https:\/\/infovera.com.ar\/web\/wp-json\/wp\/v2\/media?parent=52392"}],"wp:term":[{"taxonomy":"category","embeddable":true,"href":"https:\/\/infovera.com.ar\/web\/wp-json\/wp\/v2\/categories?post=52392"},{"taxonomy":"post_tag","embeddable":true,"href":"https:\/\/infovera.com.ar\/web\/wp-json\/wp\/v2\/tags?post=52392"}],"curies":[{"name":"wp","href":"https:\/\/api.w.org\/{rel}","templated":true}]}}