{"id":52370,"date":"2024-05-26T11:50:09","date_gmt":"2024-05-26T14:50:09","guid":{"rendered":"https:\/\/infovera.com.ar\/web\/?p=52370"},"modified":"2024-05-26T11:57:32","modified_gmt":"2024-05-26T14:57:32","slug":"varios-jovenes-heridos-tras-chocar-con-un-equino-en-un-camino-rural-de-garabato","status":"publish","type":"post","link":"https:\/\/infovera.com.ar\/web\/2024\/05\/26\/varios-jovenes-heridos-tras-chocar-con-un-equino-en-un-camino-rural-de-garabato\/","title":{"rendered":"Varios j\u00f3venes heridos tras chocar con un equino en un camino rural de Garabato"},"content":{"rendered":"<p>A las 23:50, en un camino rural y la intersecci\u00f3n con Ruta 83 S un Chevrolet Clasic Sed\u00e1n\u00a0 colision\u00f3 con un animal equino.<\/p>\n<p>El veh\u00edculo era conducido por un joven de 29 a\u00f1os, que iba acompa\u00f1ado por cinco j\u00f3venes de 21 y 25, y tres menores de edad de 7, 8 y 11 a\u00f1os.<\/p>\n<p>A ra\u00edz de la colisi\u00f3n, el chofer y una de las menores fueron derivados al Hospital de Reconquista.<\/p>\n<p>Las restantes lesionadas fueron trasladadas al Hospital de Garabato.<\/p>\n<p>Todos los ocupantes de la camioneta son domiciliados en el Paraje KM 115.<\/p>\n<p>De investigaciones efectuadas por funcionarios policiales se logr\u00f3 establecer el propietario del animal equino.<\/p>\n<p>Las personas mayores fueron identificadas como Kevin Demartin, \u00c1ngela Burgos y Leila \u00c1vila.<\/p>\n","protected":false},"excerpt":{"rendered":"<p>A las 23:50, en un camino rural y la intersecci\u00f3n con Ruta 83 S un Chevrolet Clasic Sed\u00e1n\u00a0 colision\u00f3 con un animal equino. El veh\u00edculo era conducido por un joven de 29 a\u00f1os, que iba acompa\u00f1ado por cinco j\u00f3venes de 21 y 25, y tres menores de edad de 7, 8 y 11 a\u00f1os. A [&hellip;]<\/p>\n","protected":false},"author":3,"featured_media":52371,"comment_status":"closed","ping_status":"closed","sticky":false,"template":"","format":"standard","meta":{"_joinchat":[],"footnotes":""},"categories":[51,30],"tags":[],"class_list":{"0":"post-52370","1":"post","2":"type-post","3":"status-publish","4":"format-standard","5":"has-post-thumbnail","7":"category-locales","8":"category-policiales"},"_links":{"self":[{"href":"https:\/\/infovera.com.ar\/web\/wp-json\/wp\/v2\/posts\/52370","targetHints":{"allow":["GET"]}}],"collection":[{"href":"https:\/\/infovera.com.ar\/web\/wp-json\/wp\/v2\/posts"}],"about":[{"href":"https:\/\/infovera.com.ar\/web\/wp-json\/wp\/v2\/types\/post"}],"author":[{"embeddable":true,"href":"https:\/\/infovera.com.ar\/web\/wp-json\/wp\/v2\/users\/3"}],"replies":[{"embeddable":true,"href":"https:\/\/infovera.com.ar\/web\/wp-json\/wp\/v2\/comments?post=52370"}],"version-history":[{"count":0,"href":"https:\/\/infovera.com.ar\/web\/wp-json\/wp\/v2\/posts\/52370\/revisions"}],"wp:featuredmedia":[{"embeddable":true,"href":"https:\/\/infovera.com.ar\/web\/wp-json\/wp\/v2\/media\/52371"}],"wp:attachment":[{"href":"https:\/\/infovera.com.ar\/web\/wp-json\/wp\/v2\/media?parent=52370"}],"wp:term":[{"taxonomy":"category","embeddable":true,"href":"https:\/\/infovera.com.ar\/web\/wp-json\/wp\/v2\/categories?post=52370"},{"taxonomy":"post_tag","embeddable":true,"href":"https:\/\/infovera.com.ar\/web\/wp-json\/wp\/v2\/tags?post=52370"}],"curies":[{"name":"wp","href":"https:\/\/api.w.org\/{rel}","templated":true}]}}