{"id":52301,"date":"2024-05-23T12:04:21","date_gmt":"2024-05-23T15:04:21","guid":{"rendered":"https:\/\/infovera.com.ar\/web\/?p=52301"},"modified":"2024-05-23T12:04:21","modified_gmt":"2024-05-23T15:04:21","slug":"el-gobierno-valoro-el-acuerdo-salarial-alcanzado-con-los-gremios","status":"publish","type":"post","link":"https:\/\/infovera.com.ar\/web\/2024\/05\/23\/el-gobierno-valoro-el-acuerdo-salarial-alcanzado-con-los-gremios\/","title":{"rendered":"El Gobierno valor\u00f3 el acuerdo salarial alcanzado con los gremios"},"content":{"rendered":"<p>Los ministros de Gobierno, Fabi\u00e1n Bastia; y de Educaci\u00f3n, Jos\u00e9 Goity; expresaron la satisfacci\u00f3n por la aceptaci\u00f3n de la oferta salarial por el trimestre abril-junio. A su vez, destacaron la importancia de las declaraciones juradas y aclararon que \u201clos docentes que hoy adhieren al paro nacional pierden el premio Asistencia Perfecta, pero no se va a aplicar el descuento\u201d.<\/p>\n<p>Los ministros de Gobierno e Innovaci\u00f3n P\u00fablica, Fabi\u00e1n Bastia; y de Educaci\u00f3n, Jos\u00e9 Goity; brindaron una conferencia de prensa este jueves en Casa de Gobierno, donde destacaron la aceptaci\u00f3n de la propuesta paritaria por parte de los trabajadores de los distintos eslabones del estado, consistente en 9 % para abril, 5 % para mayo y 4 % para junio, completando un 18 % para el trimestre, y que ser\u00e1 tenido en cuenta para el medio aguinaldo.<\/p>\n<p>Bastia afirm\u00f3 que \u201ces una propuesta que otorga previsibilidad, que es lo m\u00e1s importante. Era impensado hace 60 d\u00edas atr\u00e1s que pudi\u00e9ramos estar hablando de una paritaria que contemple un trimestre a partir de c\u00f3mo se encontraban las distintas variables macroecon\u00f3micas en el pa\u00eds; con un proceso inflacionario que ten\u00eda \u00edndices todav\u00eda muy altos, y si bien a\u00fan lo son, est\u00e1n a la baja y entendiendo esa situaci\u00f3n y comprendiendo la propuesta que hizo el gobierno provincial, los distintos gremios, tanto de la administraci\u00f3n central como docentes, aceptaron la propuesta y eso nos da una situaci\u00f3n de previsibilidad en el tiempo para trabajar con mucho m\u00e1s normalidad\u201d, destac\u00f3.<\/p>\n<p>El ministro agreg\u00f3 que \u201cla provincia de Santa Fe no es ajena a las dificultades econ\u00f3micas; en marzo cay\u00f3 8,8 % la industria; se perdieron 10.000 puestos privados; y 100.000 en la construcci\u00f3n en todo el pa\u00eds\u201d.<\/p>\n<p>Por otra parte, Bastia aclar\u00f3 que \u201clos docentes que hoy adhieren al paro nacional pierden el premio a Asistencia Perfecta, pero el descuento hoy no se va a aplicar. Este gobierno hace lo que dice, no amenaza, avisa y hace. En lo sucesivo s\u00ed, ser\u00e1 descontado\u201d. Y continu\u00f3:<\/p>\n<p>\u201cNosotros no llegamos a comunicar el descuento, por c\u00f3mo se dio la votaci\u00f3n en los gremios docentes. Nos quer\u00edamos interferir con anuncios cuando se desarrollaban las asambleas, no era prudente atendiendo a las caracter\u00edsticas de este gobierno que siempre comunica, y siempre dice lo que va a hacer\u201d, apunt\u00f3.<\/p>\n<p><strong>El valor de la declaraci\u00f3n jurada<\/strong><\/p>\n<p>A su turno, Jos\u00e9 Goity subray\u00f3 que \u201cla declaraci\u00f3n jurada para la Asistencia Perfecta contempla todo tipo de situaciones, como por ejemplo que el establecimiento estuviese cerrado. El docente debe consignar en la declaraci\u00f3n jurada que no pudo prestar servicio, que no pudo dar clases, porque el establecimiento se encontraba cerrado\u201d.<\/p>\n<p>Agreg\u00f3 que \u201cla declaraci\u00f3n jurada es un documento p\u00fablico; est\u00e1 hecha con un instrumento que es habitual y que el Ministerio ya viene utilizando desde hace bastante tiempo. Por ejemplo, un docente que tiene que hacer la declaraci\u00f3n jurada por familiares a cargo, la hace mediante este mismo mecanismo y es absolutamente v\u00e1lida, trazable y confiable. Es una herramienta ya habitual, ya utilizada por los docentes y por lo tanto es absolutamente v\u00e1lida y consistente\u201d, sentenci\u00f3.<\/p>\n<p>El ministro de Educaci\u00f3n fue tajante al se\u00f1alar que \u201clos docentes no mienten\u201d, y agreg\u00f3 que \u201cnosotros confiamos en el docente, y si llegan a aparecer falsedades, las vamos a considerar, las vamos a tomar y en cuanto nosotros detectemos en nuestros sistemas que hubo un falseamiento, vamos a actuar en consonancia\u201d.<br \/>\n\u201cNo podemos estar sospechando de los docentes y los medios de comunicaci\u00f3n tienen que contribuir con esto: los docentes son nuestra salvaguarda y forman a nuestros ni\u00f1os\u201d, enfatiz\u00f3.<\/p>\n<p>Finalmente, Goity insisti\u00f3 que \u201cla mayor\u00eda de los docentes est\u00e1n en el aula y nosotros acompa\u00f1amos a los docentes en el aula; estamos trabajando por las dos cosas: primero para darle un reconocimiento al docente en el aula, y que no sea solamente discursivo, que sea un reconocimiento material porque me parece que eso es importante, a trav\u00e9s de Asistencia Perfecta. Y estamos desarrollando programas educativos, como el Plan de Alfabetizaci\u00f3n, el sistema de tutor\u00eda, acciones que tenemos que poner de relevancia porque es parte del trabajo que hacen los docentes todos los d\u00edas en el aula\u201d.<\/p>\n","protected":false},"excerpt":{"rendered":"<p>Los ministros de Gobierno, Fabi\u00e1n Bastia; y de Educaci\u00f3n, Jos\u00e9 Goity; expresaron la satisfacci\u00f3n por la aceptaci\u00f3n de la oferta salarial por el trimestre abril-junio. A su vez, destacaron la importancia de las declaraciones juradas y aclararon que \u201clos docentes que hoy adhieren al paro nacional pierden el premio Asistencia Perfecta, pero no se va [&hellip;]<\/p>\n","protected":false},"author":3,"featured_media":52302,"comment_status":"closed","ping_status":"closed","sticky":false,"template":"","format":"standard","meta":{"_joinchat":[],"footnotes":""},"categories":[60],"tags":[],"class_list":{"0":"post-52301","1":"post","2":"type-post","3":"status-publish","4":"format-standard","5":"has-post-thumbnail","7":"category-provinciales"},"_links":{"self":[{"href":"https:\/\/infovera.com.ar\/web\/wp-json\/wp\/v2\/posts\/52301","targetHints":{"allow":["GET"]}}],"collection":[{"href":"https:\/\/infovera.com.ar\/web\/wp-json\/wp\/v2\/posts"}],"about":[{"href":"https:\/\/infovera.com.ar\/web\/wp-json\/wp\/v2\/types\/post"}],"author":[{"embeddable":true,"href":"https:\/\/infovera.com.ar\/web\/wp-json\/wp\/v2\/users\/3"}],"replies":[{"embeddable":true,"href":"https:\/\/infovera.com.ar\/web\/wp-json\/wp\/v2\/comments?post=52301"}],"version-history":[{"count":0,"href":"https:\/\/infovera.com.ar\/web\/wp-json\/wp\/v2\/posts\/52301\/revisions"}],"wp:featuredmedia":[{"embeddable":true,"href":"https:\/\/infovera.com.ar\/web\/wp-json\/wp\/v2\/media\/52302"}],"wp:attachment":[{"href":"https:\/\/infovera.com.ar\/web\/wp-json\/wp\/v2\/media?parent=52301"}],"wp:term":[{"taxonomy":"category","embeddable":true,"href":"https:\/\/infovera.com.ar\/web\/wp-json\/wp\/v2\/categories?post=52301"},{"taxonomy":"post_tag","embeddable":true,"href":"https:\/\/infovera.com.ar\/web\/wp-json\/wp\/v2\/tags?post=52301"}],"curies":[{"name":"wp","href":"https:\/\/api.w.org\/{rel}","templated":true}]}}