{"id":52269,"date":"2024-05-22T13:49:17","date_gmt":"2024-05-22T16:49:17","guid":{"rendered":"https:\/\/infovera.com.ar\/web\/?p=52269"},"modified":"2024-05-23T11:40:49","modified_gmt":"2024-05-23T14:40:49","slug":"delinquen-y-no-estudian-desvela-a-las-autoridades-el-fenomeno-de-los-menores-en-conflicto-con-la-ley-penal","status":"publish","type":"post","link":"https:\/\/infovera.com.ar\/web\/2024\/05\/22\/delinquen-y-no-estudian-desvela-a-las-autoridades-el-fenomeno-de-los-menores-en-conflicto-con-la-ley-penal\/","title":{"rendered":"Delinquen y no estudian: desvela a las autoridades el fen\u00f3meno de los menores en conflicto con la ley penal"},"content":{"rendered":"<p>No van a la escuela y debutan en el mundo delictivo a corta edad. En muchos casos la situaci\u00f3n es consentida por la familia. La prevenci\u00f3n como herramienta. Periferia, falta de horizontes y consumos problem\u00e1ticos.<\/p>\n<p>La problem\u00e1tica fue abordada en una reuni\u00f3n entre autoridades judiciales, educativas, policiales y municipales, \u00e1mbitos oficiales donde es creciente la preocupaci\u00f3n por la detecci\u00f3n de marcados niveles analfabetizaci\u00f3n en menores en conflicto con la ley penal.<\/p>\n<p>La b\u00fasqueda de coordinar tareas para revertir la coyuntura y volver a escolarizar a estos adolescentes que enfrentan procesos de \u00edndole penal cristaliz\u00f3 en el encuentro multisectorial al que asistieron la jueza de Menores de Reconquista, Dra. Griselda Delb\u00f3n; al fiscal regional del MPA, Dr. Rub\u00e9n Mart\u00ednez; al delegado regional de Educaci\u00f3n, profesor Sergio Garc\u00eda; al jefe de la Unidad Regional XIX, director de Polic\u00eda, Julio Lucero; al Lic. Nicol\u00e1s Sandrigo, secretario de Control P\u00fablico del municipio local; a la psic\u00f3loga Leticia Monjes, a cargo del Primer Nivel de Desarrollo Social municipal; y la Dra. Miriam Su\u00e1rez, de la Secretar\u00eda de Ni\u00f1ez, Adolescencia y Familia; entre otros.<\/p>\n<p>\u201cNo saben leer ni escribir, no cuentan con la m\u00e1s elemental educaci\u00f3n escolar aunque tengan la constancia de haber terminado 7mo. grado, llama la atenci\u00f3n que cada vez sean m\u00e1s\u201d, manifest\u00f3, a modo de contextualizaci\u00f3n, la titular del Juzgado de Menores.<\/p>\n<p>La Dra. Delb\u00f3n manifest\u00f3 respecto de la evoluci\u00f3n temporal de este deslave social que ya parece end\u00e9mico que \u201cen los \u00faltimos 5 o 6 a\u00f1os baj\u00f3 la edad y tenemos chicos que con 12 y 13 a\u00f1os ya delinquen y tienen relaci\u00f3n con consumos problem\u00e1ticos\u201d.<\/p>\n<p>El disvalor en que caen los responsables de los n\u00facleos familiares no estuvo ausente en su an\u00e1lisis: aunque sea intrincado probarlo &#8220;se nota una manipulaci\u00f3n de los adultos que aprovechan la inimputabilidad de los menores\u201d, advirti\u00f3.<\/p>\n<p>\u201cHemos ca\u00eddo en una desidia que es lamentable, retrocedimos 50 a\u00f1os en este tema. Tenemos abuelas que leen y escriben bien, madres que lo hacen m\u00e1s o menos y los nietos de esas abuelas que son analfabetos\u201d, compar\u00f3 la jueza, con pesar, a este medio.<\/p>\n<p>El encuadre multiagencial\u00a0que se intentar\u00e1 para aliviar este flagelo incluye acciones de concientizaci\u00f3n para los padres, una mirada atenta de las \u00e1reas de ni\u00f1ez de los diferentes niveles del Estado y la presencia en el territorio de equipos socieducativos. De todas maneras, mejorar estos indicadores \u201cno va a ser de hoy para ma\u00f1ana, va a llevar su tiempo\u201d, concluy\u00f3 la funcionaria.<\/p>\n<p><strong>De larga data<\/strong><\/p>\n<p>En Educaci\u00f3n tienen una mirada coincidente con la judicial. \u201cEst\u00e1n relacionados con hechos delictivos y no est\u00e1n concurriendo a las escuelas, en algunos casos son familias de afuera que se asientan en la ciudad y no mandan sus hijos a estudiar\u201d, ubic\u00f3 el coordinador de la Regi\u00f3n II del Ministerio.<\/p>\n<p>El Prof. Sergio Garc\u00eda, que asumi\u00f3 funciones con la nueva gesti\u00f3n provincial, puso en evidencia que \u201cotros hacen como que van a la escuela y los padres apoyan esa situaci\u00f3n y no acompa\u00f1an\u201d. \u201cEst\u00e1n y permanecen en la delincuencia, pero son menores no punibles\u201d, por lo tanto, la idea es comenzar a \u201cpenalizar a los padres\u201d.<\/p>\n<p>En lo espec\u00edfico a su esfera de intervenci\u00f3n, admiti\u00f3 que \u201ces muy dif\u00edcil porque en la escuela pueden estar 4 horas aprendiendo valores, pero despu\u00e9s van a su entorno familiar y barrial donde ocurre todo lo contrario. Es un trabajo arduo, muchos tienen consumos problem\u00e1ticos\u201d, que les generan complicaciones en su salud mental.<\/p>\n<p>El docente mensur\u00f3 que \u201cesto es algo que nos atraviesa a todos, es transversal\u201d, y a la hora de geolocalizar el fen\u00f3meno relacionado con los menores fuera de la ley y la escuela, sostuvo que \u201cdonde m\u00e1s se nota es en los sectores m\u00e1s vulnerables de la sociedad, en los barrios m\u00e1s retirados\u201d.<\/p>\n<p>\u201cVamos a trabajar en conjunto con el municipio y la justicia&#8221;, se comprometi\u00f3 Garc\u00eda, aunque no ser\u00e1 f\u00e1cil: \u201cEs un problema que viene desde hace rato y es dif\u00edcil entrar a algunos sectores de la ciudad por el nivel de violencia existente, por eso las trabajadoras sociales van a ir acompa\u00f1adas por la polic\u00eda\u201d.<\/p>\n<figure class=\"image\"><img decoding=\"async\" src=\"https:\/\/norte24cdn.eleco.com.ar\/media\/2024\/05\/reunion.jpg\" alt=\"reuni\u00f3n\" \/><figcaption>Autoridades acordaron medidas para hacer frente a la problem\u00e1tica de los menores .<\/figcaption><\/figure>\n<p><strong>Tejido social roto<\/strong><\/p>\n<p>En el denominado primer nivel de intervenci\u00f3n con menores no punibles (hasta los 15 a\u00f1os) prestan servicios funcionarios municipales, educativos, de salud y de Ni\u00f1ez. Luego, en la franja de 16 y 17 a\u00f1os ya interviene la justicia. A lo largo de todo el rango etario siempre permanece en la primera l\u00ednea de fuego la polic\u00eda.<\/p>\n<p>A diario los hechos delictivos reflejados en partes de prensa son mayoritariamente protagonizados por menores de edad, lo que presupone un doble desaf\u00edo para la fuerza de seguridad: por un lado, brindar seguridad; y por el otro, lidiar con personas que cuyo accionar delictual no est\u00e1 penado por ning\u00fan c\u00f3digo.<\/p>\n<p>El director general Julio Lucero conduce la regional departamental de Polic\u00eda de General Obligado, con asiento f\u00edsico y administrativo en Reconquista. Fue quien ide\u00f3 y formaliz\u00f3 la convocatoria al conjunto de actores con el fin de \u201cexplicarles lo que est\u00e1 pasando, de qu\u00e9 manera la realidad va cambiando y d\u00f3nde estamos parados\u201d.<\/p>\n<p>Desde su \u00f3ptica basada en la experiencia de tres d\u00e9cadas en la profesi\u00f3n y de acuerdo a informes socioambientales \u201cest\u00e1 roto el tejido social, los roles entre mayores y menores est\u00e1n mezclados y, entonces, no funciona la pir\u00e1mide social\u201d que debe ordenar la vida en sociedad.<\/p>\n<p>La falta de educaci\u00f3n incide en la marginalidad de estos chicos a los que \u201cnadie les da laburo, ni tampoco tienen algo para ofrecer porque no estudian\u201d, de tal manera que son permeables a ser captados por el delito.<\/p>\n<p>El d\u00e9ficit de adquisici\u00f3n de conocimientos b\u00e1sicos se nota cuando son notificados de alguna causa en curso: \u201cFirman con un dibujo y les da verg\u00fcenza porque no comprenden lo que est\u00e1 escrito en las actas\u201d, describi\u00f3.<\/p>\n<p>Como aristas positivas del c\u00f3nclave que tuvo lugar en la sede de la regional policial norte\u00f1a, Lucero destac\u00f3 la predisposici\u00f3n y asistencia de convocados, una nueva din\u00e1mica de trabajo con el municipio local que aportar\u00e1 un equipo social durante las 24 horas para situaciones con menores y, hacia adelante, dijo que invitar\u00e1 a sumarse al abordaje a clubes e iglesias de la ciudad.<\/p>\n<p><strong>Prevenci\u00f3n\u00a0<\/strong><\/p>\n<p>Las acciones preventivas orientan las pol\u00edticas sociales del municipio reconquistense. La Lic. Mar\u00eda Hayd\u00e9e Maggio tiene a su cargo la Secretar\u00eda de Desarrollo Humano, desde donde se realiza la prevenci\u00f3n para que \u201cno sean vulnerados los derechos y los v\u00ednculos familiares y sociales de los ni\u00f1os y adolescentes de nuestra ciudad\u201d.<\/p>\n<p>La tarea se implementa con actividades que garanticen que estas personas, ni\u00f1os y adolescentes, \u201cno se vean amenazados en sus derechos\u201d, desplegadas desde el \u00e1rea de Educaci\u00f3n, desde las trabajadoras sociales, desde el \u00e1rea de Ni\u00f1ez, desde los cuatro centros de contenci\u00f3n que tiene el municipio en esta gesti\u00f3n, que son los del Callej\u00f3n de La Cortada, en el barrio San Francisco, el barrio Nuevo Luj\u00e1n y el Puerto, enumer\u00f3 la funcionaria.<\/p>\n<p>\u201cEn los lugares m\u00e1s vulnerados -prosigui\u00f3- est\u00e1n estos derechos de estos ni\u00f1os y adolescentes, el municipio est\u00e1, y haciendo prevenci\u00f3n con acciones, en este momento estamos en los barrios con el deporte, estamos con talleres de teatro, de murga, con apoyos escolares. Es ah\u00ed donde trabajamos con ellos y con la familia\u201d.<\/p>\n<p>En esa direcci\u00f3n, consign\u00f3 que el despliegue territorial cuenta con la asistencia del \u201ctrabajador social o el psic\u00f3logo que tambi\u00e9n est\u00e1 atento a d\u00f3nde vive, en qu\u00e9 ambiente est\u00e1 viviendo este ni\u00f1o y este joven que nosotros estamos trabajando. Este domingo, por ejemplo, estamos por llevar una acci\u00f3n en el barrio Guadalupe, frente a la escuela secundaria, para trabajar con j\u00f3venes con el \u00e1rea de prevenci\u00f3n de consumos\u201d,<\/p>\n<p>Maggio centr\u00f3 sus declaraciones a<strong> InfoVera<\/strong> en que \u201cdebemos trabajar antes, es prevenci\u00f3n, prevenci\u00f3n y promoci\u00f3n de los derechos de estos ni\u00f1os y adolescentes y, por supuesto, las obligaciones de estos ni\u00f1os y adolescentes. La obligaci\u00f3n es de la familia y del ni\u00f1o estar en la escuela, no puede estar sin ir a su espacio educativo y desde ah\u00ed se armar\u00e1n las redes en las distintas instituciones, en este caso con la Secretar\u00eda de Desarrollo Humano que ofrece esta bater\u00eda de acciones y actividades para poder estar conteniendo, acompa\u00f1ando y alojando a esta ni\u00f1ez y a esta adolescencia de nuestras familias\u201d.<\/p>\n<p><strong>Cr\u00edmenes conmocionantes<\/strong><\/p>\n<p>El jueves 9 de mayo, Guillermo Segretin, de 14 a\u00f1os, falleci\u00f3 estando internado en el Hospital Central de Reconquista como consecuencia de una herida de arma blanca que recibi\u00f3 en el abdomen, propinada por un agresor de su misma edad un d\u00eda antes en el barrio Lanceros del Sauce. El victimario, acompa\u00f1ado por su padre, entreg\u00f3 m\u00e1s tarde el arma blanca que utiliz\u00f3 para dar muerte a su oponente.<\/p>\n<p>El domingo 9 de abril de 2023, Mat\u00edas Hern\u00e1n Cardozo (16) recibi\u00f3 un disparo en la zona del pecho con un arma calibre 22 que termin\u00f3 con su vida en el perif\u00e9rico barrio Virgen de Guadalupe. El joven falleci\u00f3 en el Hospital Regional de Reconquista luego de que fuera trasladado en estado desesperante al nosocomio en un m\u00f3vil policial que patrullaba en inmediaciones del lugar. El autor material del hecho fue un pibe de 14 a\u00f1os de la misma barriada.<\/p>\n<p>En ambos casos fueron reubicados en otras localidades como resguardo a sus integridades f\u00edsicas y como medida para preservar la paz social ante probables actitudes de revanchismo. En las dos oportunidades, la comunidad se vio sacudida por los cr\u00edmenes engendrados por la violencia y el mal vivir. De la reuni\u00f3n de autoridades surgi\u00f3 un interrogante estremecedor: c\u00f3mo hacer desde el Estado para que estos j\u00f3venes no sean marginales toda su vida.<\/p>\n","protected":false},"excerpt":{"rendered":"<p>No van a la escuela y debutan en el mundo delictivo a corta edad. En muchos casos la situaci\u00f3n es consentida por la familia. La prevenci\u00f3n como herramienta. Periferia, falta de horizontes y consumos problem\u00e1ticos. La problem\u00e1tica fue abordada en una reuni\u00f3n entre autoridades judiciales, educativas, policiales y municipales, \u00e1mbitos oficiales donde es creciente la [&hellip;]<\/p>\n","protected":false},"author":3,"featured_media":52270,"comment_status":"closed","ping_status":"closed","sticky":false,"template":"","format":"standard","meta":{"_joinchat":[],"footnotes":""},"categories":[55,61],"tags":[],"class_list":{"0":"post-52269","1":"post","2":"type-post","3":"status-publish","4":"format-standard","5":"has-post-thumbnail","7":"category-reconquista","8":"category-regionales"},"_links":{"self":[{"href":"https:\/\/infovera.com.ar\/web\/wp-json\/wp\/v2\/posts\/52269","targetHints":{"allow":["GET"]}}],"collection":[{"href":"https:\/\/infovera.com.ar\/web\/wp-json\/wp\/v2\/posts"}],"about":[{"href":"https:\/\/infovera.com.ar\/web\/wp-json\/wp\/v2\/types\/post"}],"author":[{"embeddable":true,"href":"https:\/\/infovera.com.ar\/web\/wp-json\/wp\/v2\/users\/3"}],"replies":[{"embeddable":true,"href":"https:\/\/infovera.com.ar\/web\/wp-json\/wp\/v2\/comments?post=52269"}],"version-history":[{"count":0,"href":"https:\/\/infovera.com.ar\/web\/wp-json\/wp\/v2\/posts\/52269\/revisions"}],"wp:featuredmedia":[{"embeddable":true,"href":"https:\/\/infovera.com.ar\/web\/wp-json\/wp\/v2\/media\/52270"}],"wp:attachment":[{"href":"https:\/\/infovera.com.ar\/web\/wp-json\/wp\/v2\/media?parent=52269"}],"wp:term":[{"taxonomy":"category","embeddable":true,"href":"https:\/\/infovera.com.ar\/web\/wp-json\/wp\/v2\/categories?post=52269"},{"taxonomy":"post_tag","embeddable":true,"href":"https:\/\/infovera.com.ar\/web\/wp-json\/wp\/v2\/tags?post=52269"}],"curies":[{"name":"wp","href":"https:\/\/api.w.org\/{rel}","templated":true}]}}