{"id":52234,"date":"2024-05-20T18:02:17","date_gmt":"2024-05-20T21:02:17","guid":{"rendered":"https:\/\/infovera.com.ar\/web\/?p=52234"},"modified":"2024-05-20T18:02:17","modified_gmt":"2024-05-20T21:02:17","slug":"se-esperan-heladas-hacia-el-final-de-la-semana","status":"publish","type":"post","link":"https:\/\/infovera.com.ar\/web\/2024\/05\/20\/se-esperan-heladas-hacia-el-final-de-la-semana\/","title":{"rendered":"Se esperan heladas hacia el final de la semana"},"content":{"rendered":"<p>Actualmente la nos encontramos con cielo con nubosidad variable en el territorio provincial.<\/p>\n<p>Los d\u00edas martes y mi\u00e9rcoles, especialmente en el centro y sur provincial, existen probabilidad de lloviznas aisladas y posibles chances de tormentas con acumulados moderados sobre el extremo noreste a mitad de semana.<\/p>\n<p>Se espera un notable descenso de temperatura hacia el final de la semana.<\/p>\n<p>El d\u00eda jueves podr\u00edan presentarse posibles r\u00e1fagas de m\u00e1s de 40km\/h.<\/p>\n<p>Las bajas temperaturas de s\u00e1bado y domingo pueden producir heladas de moderadas a fuertes, especialmente si las condiciones de cielo son despejadas y el viento queda en calma.<\/p>\n<p>No se descarta la presencia de bancos de niebla en las primeras horas de la ma\u00f1ana.<\/p>\n","protected":false},"excerpt":{"rendered":"<p>Actualmente la nos encontramos con cielo con nubosidad variable en el territorio provincial. Los d\u00edas martes y mi\u00e9rcoles, especialmente en el centro y sur provincial, existen probabilidad de lloviznas aisladas y posibles chances de tormentas con acumulados moderados sobre el extremo noreste a mitad de semana. Se espera un notable descenso de temperatura hacia el [&hellip;]<\/p>\n","protected":false},"author":3,"featured_media":22890,"comment_status":"closed","ping_status":"closed","sticky":false,"template":"","format":"standard","meta":{"_joinchat":[],"footnotes":""},"categories":[60],"tags":[],"class_list":{"0":"post-52234","1":"post","2":"type-post","3":"status-publish","4":"format-standard","5":"has-post-thumbnail","7":"category-provinciales"},"_links":{"self":[{"href":"https:\/\/infovera.com.ar\/web\/wp-json\/wp\/v2\/posts\/52234","targetHints":{"allow":["GET"]}}],"collection":[{"href":"https:\/\/infovera.com.ar\/web\/wp-json\/wp\/v2\/posts"}],"about":[{"href":"https:\/\/infovera.com.ar\/web\/wp-json\/wp\/v2\/types\/post"}],"author":[{"embeddable":true,"href":"https:\/\/infovera.com.ar\/web\/wp-json\/wp\/v2\/users\/3"}],"replies":[{"embeddable":true,"href":"https:\/\/infovera.com.ar\/web\/wp-json\/wp\/v2\/comments?post=52234"}],"version-history":[{"count":0,"href":"https:\/\/infovera.com.ar\/web\/wp-json\/wp\/v2\/posts\/52234\/revisions"}],"wp:featuredmedia":[{"embeddable":true,"href":"https:\/\/infovera.com.ar\/web\/wp-json\/wp\/v2\/media\/22890"}],"wp:attachment":[{"href":"https:\/\/infovera.com.ar\/web\/wp-json\/wp\/v2\/media?parent=52234"}],"wp:term":[{"taxonomy":"category","embeddable":true,"href":"https:\/\/infovera.com.ar\/web\/wp-json\/wp\/v2\/categories?post=52234"},{"taxonomy":"post_tag","embeddable":true,"href":"https:\/\/infovera.com.ar\/web\/wp-json\/wp\/v2\/tags?post=52234"}],"curies":[{"name":"wp","href":"https:\/\/api.w.org\/{rel}","templated":true}]}}