{"id":52227,"date":"2024-05-20T17:05:21","date_gmt":"2024-05-20T20:05:21","guid":{"rendered":"https:\/\/infovera.com.ar\/web\/?p=52227"},"modified":"2024-05-21T11:00:44","modified_gmt":"2024-05-21T14:00:44","slug":"paritaria-central-provincia-ofrecio-un-incremento-del-18-para-el-trimestre-abril-junio","status":"publish","type":"post","link":"https:\/\/infovera.com.ar\/web\/2024\/05\/20\/paritaria-central-provincia-ofrecio-un-incremento-del-18-para-el-trimestre-abril-junio\/","title":{"rendered":"Paritaria Central: Provincia ofreci\u00f3 un incremento del 18%\u00a0para el trimestre abril-junio"},"content":{"rendered":"<p>Los ministros Bastia y Olivares se reunieron con los representantes de ATE y UPCN. La propuesta es en base a los sueldos de marzo, y formar\u00e1 parte del medio aguinaldo de junio. Adem\u00e1s, se garantiza que ning\u00fan trabajador reciba por abril menos de 75 mil pesos. \u201cHicimos el mayor esfuerzo posible para los trabajadores p\u00fablicos de la provincia\u201d, destacaron.<\/p>\n<p>El Gobierno provincial recibi\u00f3 este lunes a los representantes de la Uni\u00f3n del Personal Civil de la Naci\u00f3n (UPCN) y de la Asociaci\u00f3n de Trabajadores del Estado (ATE), en el marco de una nueva reuni\u00f3n paritaria para definir la recomposici\u00f3n salarial para empleados estatales.<\/p>\n<p>La oferta salarial presentada a los gremios de la administraci\u00f3n central consiste en un 18 % para los meses de abril (9 %), mayo (5 %) y junio (4 %), a base de marzo, y garantizando que ning\u00fan trabajador va a tener un incremento salarial inferior a 75 mil pesos respecto de marzo. Cabe destacar tambi\u00e9n que el medio aguinaldo del mes de junio computar\u00e1 este incremento global del 18 %.<\/p>\n<p>Luego del encuentro desarrollado en la Casa de Gobierno, el ministro de Gobierno e Innovaci\u00f3n P\u00fablica, Fabi\u00e1n Bastia, expres\u00f3 que \u201cnuestro gobierno siempre ha hecho todos los esfuerzos para atender a los santafesinos, en este caso, puntualmente, en lo que tiene que ver con la pol\u00edtica salarial, y en ese marco siempre hacemos los m\u00e1ximos esfuerzos a nuestro alcance\u201d; y detall\u00f3 que \u201cla propuesta incluye el trimestre de abril, mayo y junio\u201d.<\/p>\n<p>A continuaci\u00f3n, Bastia se\u00f1al\u00f3 que \u201clas consecuencias de las variables macroecon\u00f3micas fueron cambiando, muchas de manera abrupta, y han influido en las distintas actividades econ\u00f3micas de nuestro pa\u00eds, especialmente las de nuestra provincia, y vemos sectores muy afectados, con ca\u00edda del empleo, as\u00ed que Santa Fe no es ajena a las dificultades y a nosotros nos toca gobernar en este contexto. Con esos datos de la realidad hicimos el mayor esfuerzo posible para los trabajadores p\u00fablicos de la provincia de Santa Fe, para este trimestre\u201d.<\/p>\n<p>A su turno, el ministro de Econom\u00eda, Pablo Olivares, precis\u00f3 que si la respuesta de los gremios estatales es \u201cr\u00e1pida, estar\u00edamos en condiciones de poder incluir en la liquidaci\u00f3n del mes de mayo, tanto el aumento por mayo y tambi\u00e9n el aumento retroactivo por el mes de abril, lo cual significar\u00eda un saldo incremental mayor que se abonar\u00eda dentro del cronograma de pago de sueldos\u201d.<\/p>\n<p>\u201cEste esfuerzo que hemos hecho nos permite componer una actualizaci\u00f3n para todo el trimestre, que implicar\u00eda que en un semestre la Provincia cierre con un incremento salarial, con respecto al mes de diciembre, del 82 %, del cual el 76 % ya se completar\u00eda en el mes de mayo; por lo que nos encontramos por encima de las variables acumuladas de inflaci\u00f3n durante el a\u00f1o\u201d, detall\u00f3 el ministro de Econom\u00eda.<\/p>\n<p>Estos n\u00fameros \u201cnos permiten demostrar que estamos haciendo un sacrificio y que a la hora de considerar las necesidades de todos los santafesinos, estamos tratando de ser ecu\u00e1nimes, por un lado atendiendo la actualizaci\u00f3n de los salarios y al mismo tiempo atendiendo las demandas de seguridad, de infraestructura y de las que se requieren tanto en lo social como en lo productivo, manteniendo ecuanimidad en lo que respecta a la administraci\u00f3n de los recursos, como nos instruye el se\u00f1or gobernador\u201d, concluy\u00f3 Olivares.<\/p>\n<p>En representaci\u00f3n de los gremios estuvieron presentes el secretario general de UPCN, Jorge Molina, y el secretario adjunto de ATE, Marcelo Delfor, entre otros.<\/p>\n","protected":false},"excerpt":{"rendered":"<p>Los ministros Bastia y Olivares se reunieron con los representantes de ATE y UPCN. La propuesta es en base a los sueldos de marzo, y formar\u00e1 parte del medio aguinaldo de junio. Adem\u00e1s, se garantiza que ning\u00fan trabajador reciba por abril menos de 75 mil pesos. \u201cHicimos el mayor esfuerzo posible para los trabajadores p\u00fablicos [&hellip;]<\/p>\n","protected":false},"author":3,"featured_media":52228,"comment_status":"closed","ping_status":"closed","sticky":false,"template":"","format":"standard","meta":{"_joinchat":[],"footnotes":""},"categories":[60],"tags":[],"class_list":{"0":"post-52227","1":"post","2":"type-post","3":"status-publish","4":"format-standard","5":"has-post-thumbnail","7":"category-provinciales"},"_links":{"self":[{"href":"https:\/\/infovera.com.ar\/web\/wp-json\/wp\/v2\/posts\/52227","targetHints":{"allow":["GET"]}}],"collection":[{"href":"https:\/\/infovera.com.ar\/web\/wp-json\/wp\/v2\/posts"}],"about":[{"href":"https:\/\/infovera.com.ar\/web\/wp-json\/wp\/v2\/types\/post"}],"author":[{"embeddable":true,"href":"https:\/\/infovera.com.ar\/web\/wp-json\/wp\/v2\/users\/3"}],"replies":[{"embeddable":true,"href":"https:\/\/infovera.com.ar\/web\/wp-json\/wp\/v2\/comments?post=52227"}],"version-history":[{"count":0,"href":"https:\/\/infovera.com.ar\/web\/wp-json\/wp\/v2\/posts\/52227\/revisions"}],"wp:featuredmedia":[{"embeddable":true,"href":"https:\/\/infovera.com.ar\/web\/wp-json\/wp\/v2\/media\/52228"}],"wp:attachment":[{"href":"https:\/\/infovera.com.ar\/web\/wp-json\/wp\/v2\/media?parent=52227"}],"wp:term":[{"taxonomy":"category","embeddable":true,"href":"https:\/\/infovera.com.ar\/web\/wp-json\/wp\/v2\/categories?post=52227"},{"taxonomy":"post_tag","embeddable":true,"href":"https:\/\/infovera.com.ar\/web\/wp-json\/wp\/v2\/tags?post=52227"}],"curies":[{"name":"wp","href":"https:\/\/api.w.org\/{rel}","templated":true}]}}