{"id":52192,"date":"2024-05-18T22:08:41","date_gmt":"2024-05-19T01:08:41","guid":{"rendered":"https:\/\/infovera.com.ar\/web\/?p=52192"},"modified":"2024-05-19T19:47:52","modified_gmt":"2024-05-19T22:47:52","slug":"pediran-prision-para-un-abogado-acusado-por-abuso-dentro-de-su-estudio-juridico","status":"publish","type":"post","link":"https:\/\/infovera.com.ar\/web\/2024\/05\/18\/pediran-prision-para-un-abogado-acusado-por-abuso-dentro-de-su-estudio-juridico\/","title":{"rendered":"Pedir\u00e1n prisi\u00f3n para un abogado acusado por abuso dentro de su estudio jur\u00eddico"},"content":{"rendered":"<p>La Fiscal\u00eda solicitar\u00e1 que un abogado acusado de abusar de una adolescente en un estudio jur\u00eddico en Reconquista sea condenado a prisi\u00f3n y no pueda volver a ejercer su profesi\u00f3n.<\/p>\n<p>Se trata del defensor de un primo de la v\u00edctima que tambi\u00e9n es investigado por delitos contra la integridad sexual. En segunda instancia, se confirm\u00f3 la admisi\u00f3n de la acusaci\u00f3n y el rechazo de un pedido de sobreseimiento y de documentos ofrecidos por la Defensa para respaldar su teor\u00eda del caso. Adem\u00e1s, se deneg\u00f3 un recurso de inconstitucionalidad presentado por los abogados defensores tras la resoluci\u00f3n de la Alzada.<\/p>\n<p>El MPA solicitar\u00e1 que un abogado de 58 a\u00f1os que est\u00e1 acusado por haber abusado de una adolescente en un estudio jur\u00eddico en Reconquista sea condenado a prisi\u00f3n y no pueda volver a ejercer su profesi\u00f3n.<\/p>\n<p>La acusaci\u00f3n fue admitida en la audiencia preliminar realizada a fines del a\u00f1o pasado, donde adem\u00e1s se rechazaron un pedido de sobreseimiento y el ofrecimiento de documentos con los que la Defensa pretend\u00eda respaldar su teor\u00eda del caso en el juicio oral. Esa decisi\u00f3n fue confirmada \u00edntegramente en segunda instancia semanas atr\u00e1s.<\/p>\n<p>Tras la resoluci\u00f3n del tribunal de Alzada, los abogados defensores del acusado presentaron un recurso de inconstitucionalidad que fue denegado por improcedente.<br \/>\nEl fiscal que est\u00e1 a cargo del legajo es Sebasti\u00e1n Marichal, quien integra la Unidad Fiscal Reconquista.<\/p>\n<p>C\u00e1mara Gesell<\/p>\n<p>Marichal indic\u00f3 que &#8220;el acusado, cuyas iniciales son RCD, abus\u00f3 de la v\u00edctima en dos oportunidades entre octubre y noviembre de 2022&#8221;.<\/p>\n<p>Especific\u00f3 que &#8220;\u00e9l es el abogado defensor de un primo de la adolescente al que se investiga por otros delitos contra la integridad sexual&#8221;, y remarc\u00f3 que &#8220;ella hab\u00eda sido convocada para declarar en c\u00e1mara Gesell, con la intenci\u00f3n de que hablara en favor de su familiar&#8221;.<br \/>\nSeg\u00fan sostuvo el representante del MPA, &#8220;con el fin de &#8216;prepararse&#8217; para la entrevista que le iban a hacer, la v\u00edctima fue varias veces al estudio jur\u00eddico del acusado, donde \u00e9l cometi\u00f3 los il\u00edcitos&#8221;. Al respecto, aclar\u00f3 que &#8220;si bien la adolescente iba con su madre, la mujer los dejaba a solas a pedido del profesional&#8221;.<\/p>\n<p>Denuncia online<\/p>\n<p>El fiscal valor\u00f3 que &#8220;la ni\u00f1a logr\u00f3 hablar de lo sucedido con la preceptora de la escuela secundaria a la que asiste y luego reiter\u00f3 su relato ante la directora&#8221;.<\/p>\n<p>En tanto, se\u00f1al\u00f3 que &#8220;las autoridades de la instituci\u00f3n educativa informaron lo que sab\u00edan al Ministerio de Educaci\u00f3n y, a trav\u00e9s del sistema de denuncias online del MPA, una representante de esa cartera provincial solicit\u00f3 que se inicie la investigaci\u00f3n penal&#8221;.<\/p>\n<p>Calificaci\u00f3n legal<\/p>\n<p>El hombre de iniciales RCD es investigado como autor de abuso sexual simple, cometido mediante el aprovechamiento de que la v\u00edctima no pudo consentir libremente la acci\u00f3n. En tal sentido, la Fiscal\u00eda pedir\u00e1 que se le imponga una pena a cuatro a\u00f1os y tres meses de prisi\u00f3n y una inhabilitaci\u00f3n especial perpetua para el ejercicio de la abogac\u00eda.<\/p>\n<p>Juicio oral<\/p>\n<p>Tanto en primera como en segunda instancia se consider\u00f3 que la acusaci\u00f3n de la Fiscal\u00eda tiene proyecci\u00f3n de condena y que est\u00e1n cumplidos los requisitos para que se desarrolle un debate oral y p\u00fablico.<br \/>\nAhora, la Oficina de Gesti\u00f3n Judicial (OGJ), de los tribunales de Reconquista deber\u00e1 definir una fecha de inicio para el debate y sortear al juez ante el cual se llevar\u00e1 a cabo.<\/p>\n<p>Oficina de Prensa y Difusi\u00f3n MPA<\/p>\n","protected":false},"excerpt":{"rendered":"<p>La Fiscal\u00eda solicitar\u00e1 que un abogado acusado de abusar de una adolescente en un estudio jur\u00eddico en Reconquista sea condenado a prisi\u00f3n y no pueda volver a ejercer su profesi\u00f3n. Se trata del defensor de un primo de la v\u00edctima que tambi\u00e9n es investigado por delitos contra la integridad sexual. En segunda instancia, se confirm\u00f3 [&hellip;]<\/p>\n","protected":false},"author":3,"featured_media":44223,"comment_status":"closed","ping_status":"closed","sticky":false,"template":"","format":"standard","meta":{"_joinchat":[],"footnotes":""},"categories":[30,55,61],"tags":[],"class_list":{"0":"post-52192","1":"post","2":"type-post","3":"status-publish","4":"format-standard","5":"has-post-thumbnail","7":"category-policiales","8":"category-reconquista","9":"category-regionales"},"_links":{"self":[{"href":"https:\/\/infovera.com.ar\/web\/wp-json\/wp\/v2\/posts\/52192","targetHints":{"allow":["GET"]}}],"collection":[{"href":"https:\/\/infovera.com.ar\/web\/wp-json\/wp\/v2\/posts"}],"about":[{"href":"https:\/\/infovera.com.ar\/web\/wp-json\/wp\/v2\/types\/post"}],"author":[{"embeddable":true,"href":"https:\/\/infovera.com.ar\/web\/wp-json\/wp\/v2\/users\/3"}],"replies":[{"embeddable":true,"href":"https:\/\/infovera.com.ar\/web\/wp-json\/wp\/v2\/comments?post=52192"}],"version-history":[{"count":0,"href":"https:\/\/infovera.com.ar\/web\/wp-json\/wp\/v2\/posts\/52192\/revisions"}],"wp:featuredmedia":[{"embeddable":true,"href":"https:\/\/infovera.com.ar\/web\/wp-json\/wp\/v2\/media\/44223"}],"wp:attachment":[{"href":"https:\/\/infovera.com.ar\/web\/wp-json\/wp\/v2\/media?parent=52192"}],"wp:term":[{"taxonomy":"category","embeddable":true,"href":"https:\/\/infovera.com.ar\/web\/wp-json\/wp\/v2\/categories?post=52192"},{"taxonomy":"post_tag","embeddable":true,"href":"https:\/\/infovera.com.ar\/web\/wp-json\/wp\/v2\/tags?post=52192"}],"curies":[{"name":"wp","href":"https:\/\/api.w.org\/{rel}","templated":true}]}}