{"id":52181,"date":"2024-05-18T18:28:32","date_gmt":"2024-05-18T21:28:32","guid":{"rendered":"https:\/\/infovera.com.ar\/web\/?p=52181"},"modified":"2024-05-18T20:22:46","modified_gmt":"2024-05-18T23:22:46","slug":"ariel-bermudez-visito-vera-y-celebro-la-reapertura-de-la-oficina-de-anses","status":"publish","type":"post","link":"https:\/\/infovera.com.ar\/web\/2024\/05\/18\/ariel-bermudez-visito-vera-y-celebro-la-reapertura-de-la-oficina-de-anses\/","title":{"rendered":"Ariel Berm\u00fadez visit\u00f3 Vera y celebr\u00f3 la reapertura de la oficina de ANSES"},"content":{"rendered":"<p>El legislador de CREO estuvo nuevamente en la ciudad recorriendo distintos espacios junto a la intendenta Mitre, entre ellos, la sede estatal que volvi\u00f3 a abrir sus puertas<\/p>\n<p>Luego de mantener importantes reuniones en la ciudad de Santa Fe junto a Paula Mitre, el diputado provincial Ariel Bermudez emprendi\u00f3 viaje a Vera donde particip\u00f3 de diversas actividades y visit\u00f3 la reabierta oficina de la Administraci\u00f3n Nacional de Seguridad Social (ANSES), un pedido elevado junto al ejecutivo municipal luego de su cierre precipitado a ra\u00edz de las medidas del Gobierno nacional.<\/p>\n<p>\u201cEn marzo las y los se hab\u00edan quedado sin la posibilidad de resolver tr\u00e1mites y consultas en esta sede a ra\u00edz de las medidas dispuestas a nivel nacional. Por eso, junto Paula Mitre elevamos un pedido para que se d\u00e9 marcha atr\u00e1s con esta medida que perjudicaba a jubilados y familias de Vera y la regi\u00f3n\u201d, record\u00f3 Ariel Berm\u00fadez.<\/p>\n<p>A su vez, el legislador provincial sostuvo: \u201cEn el contexto actual que viene atravesando nuestro pa\u00eds, hoy sus vecinos y vecinas cuentan nuevamente con este punto de referencia tan importante para recibir acompa\u00f1amiento del Estado\u201d.<\/p>\n<p>Dos d\u00edas de gestiones y recorridas<br \/>\nAriel Berm\u00fadez comenz\u00f3 su agenda de trabajo por Vera en la capital santafesina, donde se encontr\u00f3 con Paula Mitre para avanzar en el trabajo por el reordenamiento del Hospital Regional de Vera. All\u00ed ambos mantuvieron una reuni\u00f3n clave con la ministra de salud, Silvia Ciancio, y la secretaria Andrea Uboldi.<\/p>\n<p>Luego, emprendi\u00f3 viaje hacia Vera, donde visit\u00f3 el Cine Teatro Espa\u00f1ol, que se encuentra en un in\u00e9dito proceso de reforma y restauraci\u00f3n para su puesta en valor como flamante patrimonio hist\u00f3rico de la provincia.<\/p>\n<p>En el Comedor San Francisco Solano, convers\u00f3 con vecinos y vecinas que participan de los talleres y capacitaciones que se vienen desarrollando en el marco del Programa EcontrarNOS, sigui\u00f3 con el recorrido de las obras de desag\u00fces pluviales de Avenida Belgrano y de las 20 nuevas viviendas docentes.<\/p>\n<p>Adem\u00e1s, se acerc\u00f3 al Comedor San Jos\u00e9 de Barrio Tri\u00e1ngulo, donde se vienen realizando juegos para chicos y chicas (Programa EncontrarNOS) y comparti\u00f3 una merienda con su comunidad.<\/p>\n<p>Por \u00faltimo, visit\u00f3 junto a la intendenta municipal la sede de ANSES de Vera, que retom\u00f3 la atenci\u00f3n en los \u00faltimos d\u00edas luego de los pedidos realizados al Gobierno nacional a trav\u00e9s de la Legislatura y el Municipio, y comparti\u00f3 una jornada de intercambio verde con escuelas de la ciudad en el marco del D\u00eda Mundial del Reciclado.<\/p>\n","protected":false},"excerpt":{"rendered":"<p>El legislador de CREO estuvo nuevamente en la ciudad recorriendo distintos espacios junto a la intendenta Mitre, entre ellos, la sede estatal que volvi\u00f3 a abrir sus puertas Luego de mantener importantes reuniones en la ciudad de Santa Fe junto a Paula Mitre, el diputado provincial Ariel Bermudez emprendi\u00f3 viaje a Vera donde particip\u00f3 de [&hellip;]<\/p>\n","protected":false},"author":3,"featured_media":52182,"comment_status":"closed","ping_status":"closed","sticky":false,"template":"","format":"standard","meta":{"_joinchat":[],"footnotes":""},"categories":[53],"tags":[],"class_list":{"0":"post-52181","1":"post","2":"type-post","3":"status-publish","4":"format-standard","5":"has-post-thumbnail","7":"category-vera"},"_links":{"self":[{"href":"https:\/\/infovera.com.ar\/web\/wp-json\/wp\/v2\/posts\/52181","targetHints":{"allow":["GET"]}}],"collection":[{"href":"https:\/\/infovera.com.ar\/web\/wp-json\/wp\/v2\/posts"}],"about":[{"href":"https:\/\/infovera.com.ar\/web\/wp-json\/wp\/v2\/types\/post"}],"author":[{"embeddable":true,"href":"https:\/\/infovera.com.ar\/web\/wp-json\/wp\/v2\/users\/3"}],"replies":[{"embeddable":true,"href":"https:\/\/infovera.com.ar\/web\/wp-json\/wp\/v2\/comments?post=52181"}],"version-history":[{"count":0,"href":"https:\/\/infovera.com.ar\/web\/wp-json\/wp\/v2\/posts\/52181\/revisions"}],"wp:featuredmedia":[{"embeddable":true,"href":"https:\/\/infovera.com.ar\/web\/wp-json\/wp\/v2\/media\/52182"}],"wp:attachment":[{"href":"https:\/\/infovera.com.ar\/web\/wp-json\/wp\/v2\/media?parent=52181"}],"wp:term":[{"taxonomy":"category","embeddable":true,"href":"https:\/\/infovera.com.ar\/web\/wp-json\/wp\/v2\/categories?post=52181"},{"taxonomy":"post_tag","embeddable":true,"href":"https:\/\/infovera.com.ar\/web\/wp-json\/wp\/v2\/tags?post=52181"}],"curies":[{"name":"wp","href":"https:\/\/api.w.org\/{rel}","templated":true}]}}