{"id":52170,"date":"2024-05-18T09:49:49","date_gmt":"2024-05-18T12:49:49","guid":{"rendered":"https:\/\/infovera.com.ar\/web\/?p=52170"},"modified":"2024-05-18T20:23:36","modified_gmt":"2024-05-18T23:23:36","slug":"tito-ballario-fue-electo-presidente-de-mesa-distrital-de-la-ucr-vera","status":"publish","type":"post","link":"https:\/\/infovera.com.ar\/web\/2024\/05\/18\/tito-ballario-fue-electo-presidente-de-mesa-distrital-de-la-ucr-vera\/","title":{"rendered":"Tito Ballario fue electo presidente de mesa distrital de la UCR Vera"},"content":{"rendered":"<p>Renovaci\u00f3n de Autoridades en la UCR en Vera.<\/p>\n<p>Este viernes 17 de mayo, la Casa Radical de Vera fue el escenario de una importante convocatoria en la que militantes de todos los espacios que conforman el Radicalismo se reunieron para elegir a las nuevas autoridades de la mesa distrital.<br \/>\nEn un ambiente de unidad y consenso, se acord\u00f3 la designaci\u00f3n de Edgardo \u201cTito\u201d Ballario como el nuevo Presidente de la Uni\u00f3n C\u00edvica Radical de Vera.<\/p>\n<p>\u201cConsolidar el consenso logrado en una acci\u00f3n permanente de trabajo en equipo es el principal objetivo\u201d expres\u00f3 el nuevo Presidente.<\/p>\n<p>Durante el encuentro, se destac\u00f3 la importancia de mantener la unidad y de fortalecer el trabajo conjunto para continuar impulsando al radicalismo como una fuerza protagonista en el \u00e1mbito pol\u00edtico local. Los presentes subrayaron la necesidad de sumar esfuerzos y de seguir construyendo un partido s\u00f3lido y cohesionado que pueda afrontar los desaf\u00edos futuros con \u00e9xito.<\/p>\n<p>La mesa qued\u00f3 constituida de la siguiente forma:<\/p>\n<p>Presidente: Edgardo \u201cTito\u201d Ballario<br \/>\nVicepresidente 1ro: Florencia Capello<br \/>\nVicepresidente 2do: Sandra Ocampo<br \/>\nTesorero: Guillermo Raynald<br \/>\nSecretaria: Nancy Senn<br \/>\nSecretario de Acci\u00f3n Pol\u00edtica: Daniel Buyatti<br \/>\nSecretario de Comunicaci\u00f3n: Luis Fabris<br \/>\nSecretario de Actas: Alberto Velazco<br \/>\nVocales: C\u00e9sar Berli, Soledad Su\u00e1rez, Paola Cuevas, y Gabriela Monz\u00f3n<\/p>\n<p>Con esta nueva mesa distrital, el Radicalismo en Vera reafirma su compromiso con los valores de participaci\u00f3n democr\u00e1tica y colaboraci\u00f3n, buscando siempre el bienestar de la comunidad y el fortalecimiento de la representaci\u00f3n pol\u00edtica.<\/p>\n","protected":false},"excerpt":{"rendered":"<p>Renovaci\u00f3n de Autoridades en la UCR en Vera. Este viernes 17 de mayo, la Casa Radical de Vera fue el escenario de una importante convocatoria en la que militantes de todos los espacios que conforman el Radicalismo se reunieron para elegir a las nuevas autoridades de la mesa distrital. En un ambiente de unidad y [&hellip;]<\/p>\n","protected":false},"author":3,"featured_media":52171,"comment_status":"closed","ping_status":"closed","sticky":false,"template":"","format":"standard","meta":{"_joinchat":[],"footnotes":""},"categories":[53],"tags":[],"class_list":{"0":"post-52170","1":"post","2":"type-post","3":"status-publish","4":"format-standard","5":"has-post-thumbnail","7":"category-vera"},"_links":{"self":[{"href":"https:\/\/infovera.com.ar\/web\/wp-json\/wp\/v2\/posts\/52170","targetHints":{"allow":["GET"]}}],"collection":[{"href":"https:\/\/infovera.com.ar\/web\/wp-json\/wp\/v2\/posts"}],"about":[{"href":"https:\/\/infovera.com.ar\/web\/wp-json\/wp\/v2\/types\/post"}],"author":[{"embeddable":true,"href":"https:\/\/infovera.com.ar\/web\/wp-json\/wp\/v2\/users\/3"}],"replies":[{"embeddable":true,"href":"https:\/\/infovera.com.ar\/web\/wp-json\/wp\/v2\/comments?post=52170"}],"version-history":[{"count":0,"href":"https:\/\/infovera.com.ar\/web\/wp-json\/wp\/v2\/posts\/52170\/revisions"}],"wp:featuredmedia":[{"embeddable":true,"href":"https:\/\/infovera.com.ar\/web\/wp-json\/wp\/v2\/media\/52171"}],"wp:attachment":[{"href":"https:\/\/infovera.com.ar\/web\/wp-json\/wp\/v2\/media?parent=52170"}],"wp:term":[{"taxonomy":"category","embeddable":true,"href":"https:\/\/infovera.com.ar\/web\/wp-json\/wp\/v2\/categories?post=52170"},{"taxonomy":"post_tag","embeddable":true,"href":"https:\/\/infovera.com.ar\/web\/wp-json\/wp\/v2\/tags?post=52170"}],"curies":[{"name":"wp","href":"https:\/\/api.w.org\/{rel}","templated":true}]}}