{"id":52126,"date":"2024-05-15T17:01:01","date_gmt":"2024-05-15T20:01:01","guid":{"rendered":"https:\/\/infovera.com.ar\/web\/?p=52126"},"modified":"2024-05-15T17:01:01","modified_gmt":"2024-05-15T20:01:01","slug":"el-gobierno-de-santa-fe-va-a-descontar-el-dia-a-todos-los-empleados-publicos-que-hicieron-paro","status":"publish","type":"post","link":"https:\/\/infovera.com.ar\/web\/2024\/05\/15\/el-gobierno-de-santa-fe-va-a-descontar-el-dia-a-todos-los-empleados-publicos-que-hicieron-paro\/","title":{"rendered":"El Gobierno de Santa Fe va a descontar el d\u00eda a todos los empleados p\u00fablicos que hicieron paro"},"content":{"rendered":"<p>As\u00ed lo ratific\u00f3 el gobernador Maximiliano Pullaro en conferencia de prensa. \u201cEn base a diciembre estamos ofreciendo una recomposici\u00f3n salarial superior al 66%. Por eso, sentimos que la medida tomada no fue justa, y que con 13 d\u00edas de paro se ha corrido una l\u00ednea\u201d, agreg\u00f3 el mandatario.<\/p>\n<p>El gobernador de la provincia de Santa Fe, Maximiliano Pullaro convers\u00f3 esta ma\u00f1ana en la ciudad de Santa Fe, en la cual se le consult\u00f3 sobre la medida de fuerza adoptada por empleados estatales y de la educaci\u00f3n provincial el pasado mi\u00e9rcoles 8.<\/p>\n<p>Al respecto, el mandatario remarc\u00f3 que \u201cel Gobierno de la Provincia de Santa Fe va a descontar el d\u00eda a todos los empleados p\u00fablicos que hicieron paro la semana pasada. Los sueldos tuvieron una recomposici\u00f3n salarial de 24, 26 puntos por encima de la recaudaci\u00f3n y nosotros no queremos sacarle recursos a otras \u00e1reas ni a todos los proyectos que tenemos que llevar adelante\u201d.<\/p>\n<p>\u201cSentimos sinceramente que hicimos todos los esfuerzos que estaban a nuestro alcance y, lo planteamos en m\u00e1s de una oportunidad, c\u00f3mo hab\u00eda crecido la recaudaci\u00f3n en un 30 % el mes de marzo, y c\u00f3mo hab\u00edamos recompuesto los salarios de los empleados p\u00fablicos entre un 54 % y un 56 %. Hab\u00edamos hecho una oferta por los dos meses siguientes que iban a rondar -sobre base de diciembre- casi 70 % y esa era la mayor propuesta o la m\u00e1xima propuesta que pod\u00eda hacer el Poder Ejecutivo\u201d, explic\u00f3 Pullaro.<\/p>\n<p>Respecto a la legalidad del descuento, Pullaro dijo que \u201ctodos los empleados p\u00fablicos tienen un derecho constitucional que es hacer huelga, pero estamos en el marco de la ley y de lo que nos permite nuestra Constituci\u00f3n, que es el de descontar el d\u00eda\u201d.<\/p>\n<p>&nbsp;<\/p>\n<p>*Recuperar la calidad educativa en las aulas*<\/p>\n<p>&nbsp;<\/p>\n<p>El mandatario se refiri\u00f3 categ\u00f3ricamente a los 13 d\u00edas de paro realizados por el sector docente provincial: \u201cEntendemos que los chicos tienen que estar en la escuela, que tienen que tener conocimientos. Y los docentes, y todo el Estado tiene que apostar a que los chicos puedan recuperar la calidad educativa que tuvo la provincia de Santa Fe y con 13 paros no lo vamos a poder lograr\u201d.<\/p>\n<p>Asimismo, el gobernador remarc\u00f3 que \u201cson 13 los d\u00edas de paro que han hecho los gremios vinculados a la educaci\u00f3n en la Provincia de Santa Fe. Por eso, entendemos que se ha cruzado un l\u00edmite, un l\u00edmite que tuvimos mucho trabajo para que no se cruce, porque empezamos a dialogar desde el d\u00eda 4 de enero con los gremios del sector docente de la Provincia de Santa Fe para no llegar a esto\u201d.<\/p>\n<p>\u201cVamos a convocar a los gremios esta semana. Pero creemos que s\u00ed se cruz\u00f3 una l\u00ednea. Y la l\u00ednea son 13 paros en dos meses y nosotros solo queremos que los chicos est\u00e9n en la escuela\u201d, cerr\u00f3 el gobernador de la provincia.<\/p>\n","protected":false},"excerpt":{"rendered":"<p>As\u00ed lo ratific\u00f3 el gobernador Maximiliano Pullaro en conferencia de prensa. \u201cEn base a diciembre estamos ofreciendo una recomposici\u00f3n salarial superior al 66%. Por eso, sentimos que la medida tomada no fue justa, y que con 13 d\u00edas de paro se ha corrido una l\u00ednea\u201d, agreg\u00f3 el mandatario. El gobernador de la provincia de Santa [&hellip;]<\/p>\n","protected":false},"author":3,"featured_media":51096,"comment_status":"closed","ping_status":"closed","sticky":false,"template":"","format":"standard","meta":{"_joinchat":[],"footnotes":""},"categories":[60],"tags":[],"class_list":{"0":"post-52126","1":"post","2":"type-post","3":"status-publish","4":"format-standard","5":"has-post-thumbnail","7":"category-provinciales"},"_links":{"self":[{"href":"https:\/\/infovera.com.ar\/web\/wp-json\/wp\/v2\/posts\/52126","targetHints":{"allow":["GET"]}}],"collection":[{"href":"https:\/\/infovera.com.ar\/web\/wp-json\/wp\/v2\/posts"}],"about":[{"href":"https:\/\/infovera.com.ar\/web\/wp-json\/wp\/v2\/types\/post"}],"author":[{"embeddable":true,"href":"https:\/\/infovera.com.ar\/web\/wp-json\/wp\/v2\/users\/3"}],"replies":[{"embeddable":true,"href":"https:\/\/infovera.com.ar\/web\/wp-json\/wp\/v2\/comments?post=52126"}],"version-history":[{"count":0,"href":"https:\/\/infovera.com.ar\/web\/wp-json\/wp\/v2\/posts\/52126\/revisions"}],"wp:featuredmedia":[{"embeddable":true,"href":"https:\/\/infovera.com.ar\/web\/wp-json\/wp\/v2\/media\/51096"}],"wp:attachment":[{"href":"https:\/\/infovera.com.ar\/web\/wp-json\/wp\/v2\/media?parent=52126"}],"wp:term":[{"taxonomy":"category","embeddable":true,"href":"https:\/\/infovera.com.ar\/web\/wp-json\/wp\/v2\/categories?post=52126"},{"taxonomy":"post_tag","embeddable":true,"href":"https:\/\/infovera.com.ar\/web\/wp-json\/wp\/v2\/tags?post=52126"}],"curies":[{"name":"wp","href":"https:\/\/api.w.org\/{rel}","templated":true}]}}