{"id":52116,"date":"2024-05-15T13:43:32","date_gmt":"2024-05-15T16:43:32","guid":{"rendered":"https:\/\/infovera.com.ar\/web\/?p=52116"},"modified":"2024-05-16T12:25:40","modified_gmt":"2024-05-16T15:25:40","slug":"en-vera-reabrio-la-oficina-de-la-anses","status":"publish","type":"post","link":"https:\/\/infovera.com.ar\/web\/2024\/05\/15\/en-vera-reabrio-la-oficina-de-la-anses\/","title":{"rendered":"En Vera reabri\u00f3 la oficina de la ANSES"},"content":{"rendered":"<p>Con gran satisfacci\u00f3n los verenses volvieron a ver movimiento en la Oficina de ANSES, dado que el organismo decidi\u00f3 reabrir el servicio con el \u00fanico empleado de planta para una atenci\u00f3n personalizada y con turnos previos solicitados \u201con line\u201d.<\/p>\n<p>No se descarta que en los pr\u00f3ximos d\u00edas se sume un personal m\u00e1s en funci\u00f3n de los lineamientos establecidos por la entidad que, se supone, ser\u00eda un agente titular reubicado en esta ciudad para ampliar la atenci\u00f3n, teniendo en cuenta la calidad de la demanda y el extenso radio de jurisdicci\u00f3n que tiene el departamento Vera.<\/p>\n<p>Conocida la noticia, el senador Osvaldo Sosa se mostr\u00f3 feliz por esta decisi\u00f3n oficial que \u201ces el resultado de la gesti\u00f3n conjunta de todos los sectores de la comunidad que se movilizaron en los diferentes niveles para obtener esta respuesta favorable\u201d.<\/p>\n<p>\u201cEs la forma que nos comprometimos a trabajar y lo seguiremos haciendo toda vez que sea necesario para mejorar los servicios y responder a los requerimientos de nuestra gente\u201d, agreg\u00f3.<\/p>\n<p>Letyana Press<\/p>\n","protected":false},"excerpt":{"rendered":"<p>Con gran satisfacci\u00f3n los verenses volvieron a ver movimiento en la Oficina de ANSES, dado que el organismo decidi\u00f3 reabrir el servicio con el \u00fanico empleado de planta para una atenci\u00f3n personalizada y con turnos previos solicitados \u201con line\u201d. No se descarta que en los pr\u00f3ximos d\u00edas se sume un personal m\u00e1s en funci\u00f3n de [&hellip;]<\/p>\n","protected":false},"author":3,"featured_media":52117,"comment_status":"closed","ping_status":"closed","sticky":false,"template":"","format":"standard","meta":{"_joinchat":[],"footnotes":""},"categories":[53],"tags":[],"class_list":{"0":"post-52116","1":"post","2":"type-post","3":"status-publish","4":"format-standard","5":"has-post-thumbnail","7":"category-vera"},"_links":{"self":[{"href":"https:\/\/infovera.com.ar\/web\/wp-json\/wp\/v2\/posts\/52116","targetHints":{"allow":["GET"]}}],"collection":[{"href":"https:\/\/infovera.com.ar\/web\/wp-json\/wp\/v2\/posts"}],"about":[{"href":"https:\/\/infovera.com.ar\/web\/wp-json\/wp\/v2\/types\/post"}],"author":[{"embeddable":true,"href":"https:\/\/infovera.com.ar\/web\/wp-json\/wp\/v2\/users\/3"}],"replies":[{"embeddable":true,"href":"https:\/\/infovera.com.ar\/web\/wp-json\/wp\/v2\/comments?post=52116"}],"version-history":[{"count":0,"href":"https:\/\/infovera.com.ar\/web\/wp-json\/wp\/v2\/posts\/52116\/revisions"}],"wp:featuredmedia":[{"embeddable":true,"href":"https:\/\/infovera.com.ar\/web\/wp-json\/wp\/v2\/media\/52117"}],"wp:attachment":[{"href":"https:\/\/infovera.com.ar\/web\/wp-json\/wp\/v2\/media?parent=52116"}],"wp:term":[{"taxonomy":"category","embeddable":true,"href":"https:\/\/infovera.com.ar\/web\/wp-json\/wp\/v2\/categories?post=52116"},{"taxonomy":"post_tag","embeddable":true,"href":"https:\/\/infovera.com.ar\/web\/wp-json\/wp\/v2\/tags?post=52116"}],"curies":[{"name":"wp","href":"https:\/\/api.w.org\/{rel}","templated":true}]}}