{"id":52097,"date":"2024-05-14T19:20:34","date_gmt":"2024-05-14T22:20:34","guid":{"rendered":"https:\/\/infovera.com.ar\/web\/?p=52097"},"modified":"2024-05-15T13:48:31","modified_gmt":"2024-05-15T16:48:31","slug":"angustia-y-desesperanza-en-la-ruralidad-por-la-posibilidad-de-cierre-y-baja-de-categoria-de-escuelas","status":"publish","type":"post","link":"https:\/\/infovera.com.ar\/web\/2024\/05\/14\/angustia-y-desesperanza-en-la-ruralidad-por-la-posibilidad-de-cierre-y-baja-de-categoria-de-escuelas\/","title":{"rendered":"Angustia y desesperanza en la ruralidad regional por la posibilidad de baja de categor\u00eda y cierre de escuelas"},"content":{"rendered":"<p>Una realidad de desaz\u00f3n y preocupaci\u00f3n envuelve por estos d\u00edas a comunidades educativas rurales de la jurisdiccion de la Regi\u00f3n II de Educaci\u00f3n.<\/p>\n<p>Se trata de escuelas de 4ta. Categor\u00eda y Centros Educativos Radiales (CER) que enfrentan un panorama de angustia ante la probabilidad de que deban cerrar sus puertas o bajar de categor\u00eda.<\/p>\n<p>Un relevamiento por la zona permiti\u00f3 conocer que establecimientos de este tipo comenzaron a recibir notificaciones de supervisores que siguen de cerca la evoluci\u00f3n de la matr\u00edcula (la cantidad de alumnos que asisten). Estos funcionarios se constituyen en las escuelas para evaluar sus funcionamientos y elevar informes al Ministerio.<\/p>\n<p>&#8220;Nunca nos pas\u00f3 esto de vivir este acoso y persecuci\u00f3n&#8221;, cont\u00f3 un\/a docente, que pidi\u00f3 reserva de identidad para no ser objeto de represalias.<\/p>\n<p>&#8220;Nos dicen que hay que achicar el presupuesto&#8221;, pero &#8220;no se dan cuenta que vulneran los derechos de los chicos a estudiar&#8221;, lament\u00f3, al tiempo que se mostr\u00f3 en desacuerdo con el hecho de que &#8220;se manejan con el censo escolar de febrero, pero siempre hay familias que se van a trabajar a los tambos de C\u00f3rdoba y despu\u00e9s vuelven&#8221;.<\/p>\n<p>&#8220;Tengo mucha angustia y desesperanza&#8221;, describi\u00f3, y cont\u00f3 el d\u00eda a d\u00eda que viven en su escuela que increment\u00f3 su matr\u00edcula en un 300 % en los \u00faltimos a\u00f1os: &#8220;El presupuesto ya no nos alcanza para la copa de leche y el comedor&#8221;.<\/p>\n<p>En la charla con<strong> InfoVera<\/strong> confes\u00f3 que &#8220;hoy llor\u00e9 toda la ma\u00f1ana, tanto sacrificio y esfuerzo para sostener la escuela y ahora pasa esto. Es una injusticia&#8221;.<\/p>\n<p>Con relaci\u00f3n a la versi\u00f3n que trascendi\u00f3 respecto de la cual la Regi\u00f3n II releva los establecimientos educativos de la ruralidad con la intenci\u00f3n de tomar una decisi\u00f3n sobre su continuidad o no reci\u00e9n en el ciclo lectivo de 2025, su respuesta fue clara y alarmante: &#8220;No s\u00e9 si para el a\u00f1o que viene, esto de cerrar y bajar de categor\u00eda puede ser para ahora mismo, por eso estamos tan angustiados&#8221;.<\/p>\n<p>Sergio Garc\u00eda, el delegado regional de Educaci\u00f3n, fue consultado por este medio ante esta novedad que puso en alerta al sistema educativo rural del norte: &#8220;No vamos a cerrar nada mientras hay estudiantes. S\u00ed se est\u00e1 evaluando los RRHH para fortalecer las instituciones educativas carentes de ese beneficio&#8221;, asegur\u00f3.<\/p>\n<p>Pero los docentes del medio rural descreen de eso afirmaci\u00f3n: &#8220;\u00c9l niega que vaya a ser as\u00ed, pero nosotros sabemos lo que est\u00e1 pasando y puede pasar, es muy triste esto. Porque adem\u00e1s los CERs que cierran no abren m\u00e1s, y las escuelas que son de 4ta. Categor\u00eda si las bajan a CER pierden la centralidad y otras cosas, y adem\u00e1s es el primer paso para cerrarlas&#8221;.<\/p>\n<p>Son al menos cuatro los centros de ense\u00f1anza de la zona de influencia de Vera que se ven alcanzados por esta revisi\u00f3n que parece solo atender cuestiones presupuestarias y deja de lado tema un central: el arraigo.<\/p>\n","protected":false},"excerpt":{"rendered":"<p>Una realidad de desaz\u00f3n y preocupaci\u00f3n envuelve por estos d\u00edas a comunidades educativas rurales de la jurisdiccion de la Regi\u00f3n II de Educaci\u00f3n. Se trata de escuelas de 4ta. Categor\u00eda y Centros Educativos Radiales (CER) que enfrentan un panorama de angustia ante la probabilidad de que deban cerrar sus puertas o bajar de categor\u00eda. Un [&hellip;]<\/p>\n","protected":false},"author":3,"featured_media":52098,"comment_status":"closed","ping_status":"closed","sticky":false,"template":"","format":"standard","meta":{"_joinchat":[],"footnotes":""},"categories":[53],"tags":[],"class_list":{"0":"post-52097","1":"post","2":"type-post","3":"status-publish","4":"format-standard","5":"has-post-thumbnail","7":"category-vera"},"_links":{"self":[{"href":"https:\/\/infovera.com.ar\/web\/wp-json\/wp\/v2\/posts\/52097","targetHints":{"allow":["GET"]}}],"collection":[{"href":"https:\/\/infovera.com.ar\/web\/wp-json\/wp\/v2\/posts"}],"about":[{"href":"https:\/\/infovera.com.ar\/web\/wp-json\/wp\/v2\/types\/post"}],"author":[{"embeddable":true,"href":"https:\/\/infovera.com.ar\/web\/wp-json\/wp\/v2\/users\/3"}],"replies":[{"embeddable":true,"href":"https:\/\/infovera.com.ar\/web\/wp-json\/wp\/v2\/comments?post=52097"}],"version-history":[{"count":0,"href":"https:\/\/infovera.com.ar\/web\/wp-json\/wp\/v2\/posts\/52097\/revisions"}],"wp:featuredmedia":[{"embeddable":true,"href":"https:\/\/infovera.com.ar\/web\/wp-json\/wp\/v2\/media\/52098"}],"wp:attachment":[{"href":"https:\/\/infovera.com.ar\/web\/wp-json\/wp\/v2\/media?parent=52097"}],"wp:term":[{"taxonomy":"category","embeddable":true,"href":"https:\/\/infovera.com.ar\/web\/wp-json\/wp\/v2\/categories?post=52097"},{"taxonomy":"post_tag","embeddable":true,"href":"https:\/\/infovera.com.ar\/web\/wp-json\/wp\/v2\/tags?post=52097"}],"curies":[{"name":"wp","href":"https:\/\/api.w.org\/{rel}","templated":true}]}}