{"id":52077,"date":"2024-05-13T19:42:19","date_gmt":"2024-05-13T22:42:19","guid":{"rendered":"https:\/\/infovera.com.ar\/web\/?p=52077"},"modified":"2024-05-14T14:04:41","modified_gmt":"2024-05-14T17:04:41","slug":"2-929-cartones-de-cigarrillos-valuados-en-43-millones-llebavan-los-formosenos-detenidos","status":"publish","type":"post","link":"https:\/\/infovera.com.ar\/web\/2024\/05\/13\/2-929-cartones-de-cigarrillos-valuados-en-43-millones-llebavan-los-formosenos-detenidos\/","title":{"rendered":"2.929 cartones de cigarrillos valuados en $ 43 millones llevaban los formose\u00f1os detenidos"},"content":{"rendered":"<p>Se trata de quienes intentaron evadir a la polic\u00eda con un cargamento de contrabando.<\/p>\n<p>Fueron detenidos el viernes en Villa Ana tras una persecuci\u00f3n. Iban en un VW Gol y dos camionetas, una de ellas repleta de cartones de cigarrillos Rodeo.<\/p>\n<p>Fueron identificados como:<\/p>\n<p>* BOBADILLA MAGNO, MAXIMILIANO (34 a\u00f1os de edad);<br \/>\n* BARRIO, FABIO JAVIER, (21 a\u00f1os de edad);<br \/>\n* MARTINEZ, LUCAS SANTIAGO, (19 a\u00f1os de edad),<br \/>\n* AGUIRRE, JUAN ROLANDO, (49 a\u00f1os de edad);<br \/>\n* ROMAN, LEONARDO MARIANO, (34 a\u00f1os de edad);<br \/>\n* MEZA, ALDO JAVIER, (38 a\u00f1os de edad)<\/p>\n<p>Todos oriundos de la provincia de Formosa prestaron declaraci\u00f3n indagatoria ante el juez federal Aldo Alurralde.<\/p>\n<p>El di\u00e1logo con InfoVera el magistrado se refiri\u00f3 al procedimiento:<\/p>\n<p><strong>&#8211; En relaci\u00f3n a un procedimiento que se realiz\u00f3 sobre el final de la semana pasada y que tiene que ver con contrabando de cigarrillos, hubo una persecuci\u00f3n policial. Bueno, personal de la polic\u00eda de la provincia detuvo a seis personas oriundas de Formosa que se transportaban en dos camionetas que tambi\u00e9n quedaron secuestradas \u00bfEste procedimiento, doctor, se inicia con un autom\u00f3vil que ven\u00eda haciendo punta de lanza?\u00a0<\/strong><\/p>\n<p>&#8211; S\u00ed, efectivamente. En realidad, este procedimiento sucedi\u00f3 el viernes donde, por un control policial que se realizaba en la ciudad de Vera, se observa un autom\u00f3vil que, inmediatamente, al advertir la presencia policial, comienza a huir, lo cual deriva en una persecuci\u00f3n que lleg\u00f3, inclusive, hasta la localidad de Intiyaco y, bueno, arrestaron al conductor y se procedi\u00f3 al secuestro del autom\u00f3vil y un tel\u00e9fono celular.<\/p>\n<p>Este veh\u00edculo har\u00eda de punta de lanza de alg\u00fan tipo de cargamento, raz\u00f3n por la cual, seg\u00fan lo que pudo apreciar el personal policial, por lo cual establecieron un operativo para detectar respecto de qui\u00e9n estaban haciendo esta tarea. Entonces, se divisan dos camionetas que vienen atr\u00e1s, es decir, hablamos ya de tres veh\u00edculos que, al detectar la presencia policial, dieron la vuelta generando una nueva persecuci\u00f3n hasta interceptarla en inmediaciones del kil\u00f3metro 13, la Ruta 295S de la jurisdicci\u00f3n de Villa Ana.<\/p>\n<p>Una de ellas, y producto de haber tomado un camino de tierra, genera una polvareda y choca de frente contra uno de los m\u00f3viles policiales, generando lesiones leves en el personal policial, m\u00e1s el da\u00f1o en el veh\u00edculo, y la otra camioneta hab\u00eda tambi\u00e9n comenzado su fuga, pero fue detenida m\u00e1s adelante.<\/p>\n<p>Bueno, en virtud de esto, yo dispuse la detenci\u00f3n de todas las personas involucradas, que son seis, y el secuestro de los veh\u00edculos, y, bueno, el cargamento se trataba de 2.929 cartones de cigarrillo que, conforme el aforo aduanero, nos da una suma de cercana a los 43 millones de pesos. En la ma\u00f1ana de hoy fueron indagados por infracci\u00f3n a la ley aduanera, m\u00e1s el atentado y la resistencia a la autoridad, el da\u00f1o y lesiones leves, todos en concurso.<\/p>\n<p><strong>&#8211; \u00bfSe sabe de d\u00f3nde proced\u00eda, d\u00f3nde iban? <\/strong><\/p>\n<p>El destino no lo sabemos, pero s\u00ed que son todos oriundos de la provincia de Formosa.<\/p>\n<p><strong>&#8211; \u00bfHac\u00eda rato que no se daba un procedimiento por contrabando de cigarrillos? <\/strong><\/p>\n<p>No, la verdad que hac\u00eda bastante, en realidad, en este caso, es encubrimiento y contrabando, porque no podemos verificar que hayan cruzado la frontera, que hayan venido ellos transportando, ingresando al pa\u00eds, en forma ilegal, esa marca de cigarrillos. Pero s\u00ed, el encubrimiento conforme el aval\u00fao aduanero.<\/p>\n","protected":false},"excerpt":{"rendered":"<p>Se trata de quienes intentaron evadir a la polic\u00eda con un cargamento de contrabando. Fueron detenidos el viernes en Villa Ana tras una persecuci\u00f3n. Iban en un VW Gol y dos camionetas, una de ellas repleta de cartones de cigarrillos Rodeo. Fueron identificados como: * BOBADILLA MAGNO, MAXIMILIANO (34 a\u00f1os de edad); * BARRIO, FABIO [&hellip;]<\/p>\n","protected":false},"author":3,"featured_media":52078,"comment_status":"closed","ping_status":"closed","sticky":false,"template":"","format":"standard","meta":{"_joinchat":[],"footnotes":""},"categories":[51,30],"tags":[],"class_list":{"0":"post-52077","1":"post","2":"type-post","3":"status-publish","4":"format-standard","5":"has-post-thumbnail","7":"category-locales","8":"category-policiales"},"_links":{"self":[{"href":"https:\/\/infovera.com.ar\/web\/wp-json\/wp\/v2\/posts\/52077","targetHints":{"allow":["GET"]}}],"collection":[{"href":"https:\/\/infovera.com.ar\/web\/wp-json\/wp\/v2\/posts"}],"about":[{"href":"https:\/\/infovera.com.ar\/web\/wp-json\/wp\/v2\/types\/post"}],"author":[{"embeddable":true,"href":"https:\/\/infovera.com.ar\/web\/wp-json\/wp\/v2\/users\/3"}],"replies":[{"embeddable":true,"href":"https:\/\/infovera.com.ar\/web\/wp-json\/wp\/v2\/comments?post=52077"}],"version-history":[{"count":0,"href":"https:\/\/infovera.com.ar\/web\/wp-json\/wp\/v2\/posts\/52077\/revisions"}],"wp:featuredmedia":[{"embeddable":true,"href":"https:\/\/infovera.com.ar\/web\/wp-json\/wp\/v2\/media\/52078"}],"wp:attachment":[{"href":"https:\/\/infovera.com.ar\/web\/wp-json\/wp\/v2\/media?parent=52077"}],"wp:term":[{"taxonomy":"category","embeddable":true,"href":"https:\/\/infovera.com.ar\/web\/wp-json\/wp\/v2\/categories?post=52077"},{"taxonomy":"post_tag","embeddable":true,"href":"https:\/\/infovera.com.ar\/web\/wp-json\/wp\/v2\/tags?post=52077"}],"curies":[{"name":"wp","href":"https:\/\/api.w.org\/{rel}","templated":true}]}}