{"id":52049,"date":"2024-05-12T20:52:33","date_gmt":"2024-05-12T23:52:33","guid":{"rendered":"https:\/\/infovera.com.ar\/web\/?p=52049"},"modified":"2024-05-13T19:12:05","modified_gmt":"2024-05-13T22:12:05","slug":"una-mujer-y-un-hombre-fueron-detenidos-por-el-homicidio-de-simon-britos","status":"publish","type":"post","link":"https:\/\/infovera.com.ar\/web\/2024\/05\/12\/una-mujer-y-un-hombre-fueron-detenidos-por-el-homicidio-de-simon-britos\/","title":{"rendered":"Una mujer y un hombre fueron detenidos por el homicidio de Sim\u00f3n Britos"},"content":{"rendered":"<p>Desde las 19 del domingo pasaron a revistar en calidad de detenidos dos aprehendidos por el homicidio sucedido en Fort\u00edn Olmos.<\/p>\n<p>Se trata de un hombre y una mujer que fueron puestos tras las rejas en el marco de la investigaci\u00f3n que busca a los autores de horrendo crimen de Sim\u00f3n Britos, de 80 a\u00f1os, atacado a pu\u00f1aladas en su casa de la localidad.<\/p>\n<p>La mujer en cuesti\u00f3n fue la primera apuntada por el hecho de sangre. La audiencia de control de legalidad tendr\u00eda lugar el lunes.<\/p>\n<p>En principio, la vecina que alert\u00f3 a la fuerza policial sobre la ausencia de Britos hab\u00eda declarado a medios locales que \u201cestaba con las manos atadas en la espalda\u201d.<strong> Fuentes del caso negaron la existencia de ataduras en el fallecido<\/strong> y rechazaron esa versi\u00f3n por inexacta.<\/p>\n<p>El trabajo investigativo te\u00f3ricamente la hicieron en conjunto personal de la PDI de Vera y Reconquista. El grueso del trabajo lo hizo PDI Reconquista a cargo del comisario C\u00e9sar Moreyra.<\/p>\n<p>La autopsia del cuerpo de Britos se va a realizar este lunes a las 8.30. Estar\u00e1 a cargo del m\u00e9dico forense Dr. Horacio Goldaraz.<\/p>\n","protected":false},"excerpt":{"rendered":"<p>Desde las 19 del domingo pasaron a revistar en calidad de detenidos dos aprehendidos por el homicidio sucedido en Fort\u00edn Olmos. Se trata de un hombre y una mujer que fueron puestos tras las rejas en el marco de la investigaci\u00f3n que busca a los autores de horrendo crimen de Sim\u00f3n Britos, de 80 a\u00f1os, [&hellip;]<\/p>\n","protected":false},"author":3,"featured_media":52050,"comment_status":"closed","ping_status":"closed","sticky":false,"template":"","format":"standard","meta":{"_joinchat":[],"footnotes":""},"categories":[51,30],"tags":[],"class_list":{"0":"post-52049","1":"post","2":"type-post","3":"status-publish","4":"format-standard","5":"has-post-thumbnail","7":"category-locales","8":"category-policiales"},"_links":{"self":[{"href":"https:\/\/infovera.com.ar\/web\/wp-json\/wp\/v2\/posts\/52049","targetHints":{"allow":["GET"]}}],"collection":[{"href":"https:\/\/infovera.com.ar\/web\/wp-json\/wp\/v2\/posts"}],"about":[{"href":"https:\/\/infovera.com.ar\/web\/wp-json\/wp\/v2\/types\/post"}],"author":[{"embeddable":true,"href":"https:\/\/infovera.com.ar\/web\/wp-json\/wp\/v2\/users\/3"}],"replies":[{"embeddable":true,"href":"https:\/\/infovera.com.ar\/web\/wp-json\/wp\/v2\/comments?post=52049"}],"version-history":[{"count":0,"href":"https:\/\/infovera.com.ar\/web\/wp-json\/wp\/v2\/posts\/52049\/revisions"}],"wp:featuredmedia":[{"embeddable":true,"href":"https:\/\/infovera.com.ar\/web\/wp-json\/wp\/v2\/media\/52050"}],"wp:attachment":[{"href":"https:\/\/infovera.com.ar\/web\/wp-json\/wp\/v2\/media?parent=52049"}],"wp:term":[{"taxonomy":"category","embeddable":true,"href":"https:\/\/infovera.com.ar\/web\/wp-json\/wp\/v2\/categories?post=52049"},{"taxonomy":"post_tag","embeddable":true,"href":"https:\/\/infovera.com.ar\/web\/wp-json\/wp\/v2\/tags?post=52049"}],"curies":[{"name":"wp","href":"https:\/\/api.w.org\/{rel}","templated":true}]}}