{"id":51917,"date":"2024-05-07T19:49:27","date_gmt":"2024-05-07T22:49:27","guid":{"rendered":"https:\/\/infovera.com.ar\/web\/?p=51917"},"modified":"2024-05-08T19:01:26","modified_gmt":"2024-05-08T22:01:26","slug":"sosa-y-mitre-realizaron-una-visita-institucional-al-hospital-regional-de-vera","status":"publish","type":"post","link":"https:\/\/infovera.com.ar\/web\/2024\/05\/07\/sosa-y-mitre-realizaron-una-visita-institucional-al-hospital-regional-de-vera\/","title":{"rendered":"Sosa y Mitre realizaron una visita institucional al Hospital Regional de Vera"},"content":{"rendered":"<div class=\"xdj266r x11i5rnm xat24cr x1mh8g0r x1vvkbs x126k92a\"><\/div>\n<div class=\"x11i5rnm xat24cr x1mh8g0r x1vvkbs xtlvy1s x126k92a\">\n<div dir=\"auto\">El d\u00eda de hoy, la intendente Paula Mitre y el senador Osvaldo Sosa, realizaron una visita institucional al Hospital Regional de Vera como parte de un di\u00e1logo constructivo para abordar las problem\u00e1ticas del efector p\u00fablico y establecer las acciones a seguir para mejorar la calidad de los servicios de salud en nuestra comunidad.<\/div>\n<\/div>\n<div class=\"x11i5rnm xat24cr x1mh8g0r x1vvkbs xtlvy1s x126k92a\">\n<div dir=\"auto\"><\/div>\n<div dir=\"auto\">Durante la visita, se llev\u00f3 a cabo una reuni\u00f3n estrat\u00e9gica con los directivos del Hospital, donde se discutieron temas relevantes como la infraestructura, el equipamiento m\u00e9dico, la capacitaci\u00f3n del personal y la optimizaci\u00f3n de los recursos disponibles.<\/div>\n<\/div>\n<div class=\"x11i5rnm xat24cr x1mh8g0r x1vvkbs xtlvy1s x126k92a\">\n<div dir=\"auto\"><span class=\"x3nfvp2 x1j61x8r x1fcty0u xdj266r xhhsvwb xat24cr xgzva0m xxymvpz xlup9mm x1kky2od\"><br \/>\n<\/span> Al respecto, la intendente expres\u00f3: \u201cJunto al Senador tenemos un compromiso inquebrantable con la salud p\u00fablica y la determinaci\u00f3n de trabajar en colaboraci\u00f3n con todas las partes involucradas para garantizar un acceso equitativo y de calidad a la atenci\u00f3n m\u00e9dica en nuestra ciudad.<\/div>\n<\/div>\n<div class=\"x11i5rnm xat24cr x1mh8g0r x1vvkbs xtlvy1s x126k92a\">\n<div dir=\"auto\"><\/div>\n<div dir=\"auto\">Esta visita institucional refleja el firme compromiso del gobierno local con el bienestar y la salud de nuestros ciudadanos, por lo que seguiremos trabajando incansablemente para gestionar e implementar las medidas necesarias que permitan fortalecer nuestro sistema de salud y brindar el mejor servicio posible a toda la comunidad de Vera\u201d.<\/div>\n<\/div>\n","protected":false},"excerpt":{"rendered":"<p>El d\u00eda de hoy, la intendente Paula Mitre y el senador Osvaldo Sosa, realizaron una visita institucional al Hospital Regional de Vera como parte de un di\u00e1logo constructivo para abordar las problem\u00e1ticas del efector p\u00fablico y establecer las acciones a seguir para mejorar la calidad de los servicios de salud en nuestra comunidad. Durante la [&hellip;]<\/p>\n","protected":false},"author":3,"featured_media":51918,"comment_status":"closed","ping_status":"closed","sticky":false,"template":"","format":"standard","meta":{"_joinchat":[],"footnotes":""},"categories":[53],"tags":[],"class_list":{"0":"post-51917","1":"post","2":"type-post","3":"status-publish","4":"format-standard","5":"has-post-thumbnail","7":"category-vera"},"_links":{"self":[{"href":"https:\/\/infovera.com.ar\/web\/wp-json\/wp\/v2\/posts\/51917","targetHints":{"allow":["GET"]}}],"collection":[{"href":"https:\/\/infovera.com.ar\/web\/wp-json\/wp\/v2\/posts"}],"about":[{"href":"https:\/\/infovera.com.ar\/web\/wp-json\/wp\/v2\/types\/post"}],"author":[{"embeddable":true,"href":"https:\/\/infovera.com.ar\/web\/wp-json\/wp\/v2\/users\/3"}],"replies":[{"embeddable":true,"href":"https:\/\/infovera.com.ar\/web\/wp-json\/wp\/v2\/comments?post=51917"}],"version-history":[{"count":0,"href":"https:\/\/infovera.com.ar\/web\/wp-json\/wp\/v2\/posts\/51917\/revisions"}],"wp:featuredmedia":[{"embeddable":true,"href":"https:\/\/infovera.com.ar\/web\/wp-json\/wp\/v2\/media\/51918"}],"wp:attachment":[{"href":"https:\/\/infovera.com.ar\/web\/wp-json\/wp\/v2\/media?parent=51917"}],"wp:term":[{"taxonomy":"category","embeddable":true,"href":"https:\/\/infovera.com.ar\/web\/wp-json\/wp\/v2\/categories?post=51917"},{"taxonomy":"post_tag","embeddable":true,"href":"https:\/\/infovera.com.ar\/web\/wp-json\/wp\/v2\/tags?post=51917"}],"curies":[{"name":"wp","href":"https:\/\/api.w.org\/{rel}","templated":true}]}}