{"id":51914,"date":"2024-05-07T19:42:47","date_gmt":"2024-05-07T22:42:47","guid":{"rendered":"https:\/\/infovera.com.ar\/web\/?p=51914"},"modified":"2024-05-08T18:26:52","modified_gmt":"2024-05-08T21:26:52","slug":"calchaqui-y-vera-seran-escenario-de-un-abrazo-simbolico-en-reclamo-por-el-mal-estado-la-ruta","status":"publish","type":"post","link":"https:\/\/infovera.com.ar\/web\/2024\/05\/07\/calchaqui-y-vera-seran-escenario-de-un-abrazo-simbolico-en-reclamo-por-el-mal-estado-la-ruta\/","title":{"rendered":"Calchaqu\u00ed y Vera ser\u00e1n escenario de un abrazo simb\u00f3lico en reclamo por el mal estado la Ruta 11"},"content":{"rendered":"<p>Bajo la consigna \u201cUnidos por la Ruta 11\u201d comunidades del centro &#8211; norte provincial protagonizar\u00e1n un abrazo simb\u00f3lico a la v\u00eda nacional como forma de visibilizar el reclamo por el detonado estado de su calzada.<\/p>\n<p>La movida de car\u00e1cter regional es impulsada por el sitio de Facebook \u201cRuta 11 en emergencia\u201d, que desde tiempo refleja a diario las peripecias, accidentes y fatalidades que padecen quienes transitan por la ruta, hoy convertida en una trampa mortal a causa de la multiplicidad de baches, olas y descalces que presenta la traza vial. Vecinos de las ciudades de Calchaqu\u00ed y Vera ya confirmaron que ser\u00e1n parte de la movilizaci\u00f3n.<\/p>\n<p><a href=\"https:\/\/infovera.com.ar\/web\/wp-content\/uploads\/2024\/05\/cqui-y-vera.jpg\"><img loading=\"lazy\" decoding=\"async\" class=\"alignleft size-full wp-image-51922\" src=\"https:\/\/infovera.com.ar\/web\/wp-content\/uploads\/2024\/05\/cqui-y-vera.jpg\" alt=\"\" width=\"1039\" height=\"645\" srcset=\"https:\/\/infovera.com.ar\/web\/wp-content\/uploads\/2024\/05\/cqui-y-vera.jpg 1039w, https:\/\/infovera.com.ar\/web\/wp-content\/uploads\/2024\/05\/cqui-y-vera-696x432.jpg 696w, https:\/\/infovera.com.ar\/web\/wp-content\/uploads\/2024\/05\/cqui-y-vera-677x420.jpg 677w, https:\/\/infovera.com.ar\/web\/wp-content\/uploads\/2024\/05\/cqui-y-vera-356x220.jpg 356w\" sizes=\"auto, (max-width: 1039px) 100vw, 1039px\" \/><\/a><\/p>\n<p>Pablo Bonalume, editor del espacio en la red social, cuenta a <strong>InfoVera<\/strong> que \u201cnos vamos a concentrar al costado de la ruta y despu\u00e9s vamos a firmar dos petitorios, uno para Naci\u00f3n y otro para tratar de presentarlo en Malabrigo\u201d donde el pr\u00f3ximo lunes de mantendr\u00e1n un encuentro Defensores del Pueblo de Santa Fe y Chaco y legisladores nacionales por este tema.<\/p>\n<p>De profesi\u00f3n comisionista, sabe de lo que se trata. Ya en 2019 motoriz\u00f3 una iniciativa similar con entrega de volantes que no lleg\u00f3 a ser un corte de ruta, pero que oblig\u00f3 a bajar la velocidad los viajantes. \u201cDespu\u00e9s de eso que yo hice, al mes y medio Vialidad tap\u00f3 todo, pero bien tapado. Despu\u00e9s se empez\u00f3 a romper y no pas\u00f3 m\u00e1s nada\u201d, record\u00f3.<\/p>\n<figure class=\"image\"><img decoding=\"async\" src=\"https:\/\/norte24cdn.eleco.com.ar\/media\/2024\/05\/scarpin.jpg\" alt=\"scarpin\" \/><figcaption>En la noche del mi\u00e9rcoles 1 de mayo, el auto en el que viajaba el diputado Dionisio Scarpin sufri\u00f3 la rotura de dos cubiertas al impactar contra un bache al sur de Malabrigo.<\/figcaption><\/figure>\n<p>Esta vez cuenta con el apoyo de empresarios de San Justo. \u201cSe unieron empresarios de San Justo que me dicen \u2018vamos, nosotros te apoyamos tambi\u00e9n porque estamos teniendo problemas\u2019. Son empresas grandes que salieron a apoyar\u201d, celebr\u00f3.<\/p>\n<p>No duda en calificar el estado del pavimento como \u201ccalamitoso\u201d y contrapone un estadio realizado por una empresa cerealera de la zona que da cuenta de los millones de quintales de cosecha que van pasar por la Ruta 11 esta temporada.<\/p>\n<blockquote><p><span style=\"font-size: 12pt;\">El 30 de abril tuvo lugar una reuni\u00f3n en la Sociedad Rural de San Justo con empresarios, intendentes y presidentes comunales de la regi\u00f3n para analizar el reclamo del pr\u00f3ximo s\u00e1bado 11 de mayo.<\/span><\/p><\/blockquote>\n<p>Esa producci\u00f3n transitar\u00e1 por una senda vial que \u201cya est\u00e1 dinamitada\u201d, advierte, y muestra su asombro y malestar por el hecho de que \u201cyo no s\u00e9 por qu\u00e9 no le dan bola a esta ruta siendo la cantidad de guita que le va a llevar el norte a Naci\u00f3n\u201d.<\/p>\n<p>En los volantes de la convocatoria a la que ya adhirieron pueblos y ciudades de Santa Fe al norte puede leerse: \u201cTodas las localidades a la Ruta 11. Nos movilizamos en reclamo de su estado, a la vera de la ruta, sin corte. Nuestra seguridad est\u00e1 en peligro\u201d.<\/p>\n<p>De 13 a 14:30 del s\u00e1bado 11 es el horario fijado para la manifestaci\u00f3n en cada punto ciudadano.<\/p>\n<p><iframe loading=\"lazy\" style=\"border: none; overflow: hidden;\" src=\"https:\/\/www.facebook.com\/plugins\/video.php?height=476&amp;href=https%3A%2F%2Fwww.facebook.com%2Fpablo.bonalume11%2Fvideos%2F787076240044142%2F&amp;show_text=false&amp;width=267&amp;t=0\" width=\"267\" height=\"476\" frameborder=\"0\" scrolling=\"no\" allowfullscreen=\"allowfullscreen\"><\/iframe><\/p>\n","protected":false},"excerpt":{"rendered":"<p>Bajo la consigna \u201cUnidos por la Ruta 11\u201d comunidades del centro &#8211; norte provincial protagonizar\u00e1n un abrazo simb\u00f3lico a la v\u00eda nacional como forma de visibilizar el reclamo por el detonado estado de su calzada. La movida de car\u00e1cter regional es impulsada por el sitio de Facebook \u201cRuta 11 en emergencia\u201d, que desde tiempo refleja [&hellip;]<\/p>\n","protected":false},"author":3,"featured_media":51915,"comment_status":"closed","ping_status":"closed","sticky":false,"template":"","format":"standard","meta":{"_joinchat":[],"footnotes":""},"categories":[53],"tags":[],"class_list":{"0":"post-51914","1":"post","2":"type-post","3":"status-publish","4":"format-standard","5":"has-post-thumbnail","7":"category-vera"},"_links":{"self":[{"href":"https:\/\/infovera.com.ar\/web\/wp-json\/wp\/v2\/posts\/51914","targetHints":{"allow":["GET"]}}],"collection":[{"href":"https:\/\/infovera.com.ar\/web\/wp-json\/wp\/v2\/posts"}],"about":[{"href":"https:\/\/infovera.com.ar\/web\/wp-json\/wp\/v2\/types\/post"}],"author":[{"embeddable":true,"href":"https:\/\/infovera.com.ar\/web\/wp-json\/wp\/v2\/users\/3"}],"replies":[{"embeddable":true,"href":"https:\/\/infovera.com.ar\/web\/wp-json\/wp\/v2\/comments?post=51914"}],"version-history":[{"count":0,"href":"https:\/\/infovera.com.ar\/web\/wp-json\/wp\/v2\/posts\/51914\/revisions"}],"wp:featuredmedia":[{"embeddable":true,"href":"https:\/\/infovera.com.ar\/web\/wp-json\/wp\/v2\/media\/51915"}],"wp:attachment":[{"href":"https:\/\/infovera.com.ar\/web\/wp-json\/wp\/v2\/media?parent=51914"}],"wp:term":[{"taxonomy":"category","embeddable":true,"href":"https:\/\/infovera.com.ar\/web\/wp-json\/wp\/v2\/categories?post=51914"},{"taxonomy":"post_tag","embeddable":true,"href":"https:\/\/infovera.com.ar\/web\/wp-json\/wp\/v2\/tags?post=51914"}],"curies":[{"name":"wp","href":"https:\/\/api.w.org\/{rel}","templated":true}]}}