{"id":51908,"date":"2024-05-07T14:52:53","date_gmt":"2024-05-07T17:52:53","guid":{"rendered":"https:\/\/infovera.com.ar\/web\/?p=51908"},"modified":"2024-05-07T14:52:53","modified_gmt":"2024-05-07T17:52:53","slug":"obra-historica-provincia-licito-la-pavimentacion-del-acceso-a-moussy","status":"publish","type":"post","link":"https:\/\/infovera.com.ar\/web\/2024\/05\/07\/obra-historica-provincia-licito-la-pavimentacion-del-acceso-a-moussy\/","title":{"rendered":"Obra hist\u00f3rica: Provincia licit\u00f3 la pavimentaci\u00f3n del acceso a Moussy"},"content":{"rendered":"<p>La obra hab\u00eda sido anunciada por el gobernador Maximiliano Pullaro y el ministro Lisandro Enrico, e impulsar\u00e1 el desarrollo y brindar\u00e1 nuevas oportunidades para los habitantes de Moussy, en Avellaneda. Se presentaron 8 ofertas.<\/p>\n<p>Tras m\u00e1s de 100 a\u00f1os de espera, Moussy, en Avellaneda, departamento General Obligado, podr\u00e1 tener su acceso asfaltado de 4 kil\u00f3metros sobre la Ruta Provincial 98s, y as\u00ed conectar con la Ruta Provincial 31. Es un proyecto vial que fue anunciado por el gobernador Maximiliano Pullaro y a pocos meses de estar en su gesti\u00f3n, se comenzar\u00e1 a hacer realidad.<\/p>\n<p>El acto de licitaci\u00f3n estuvo encabezado por el administrador de Vialidad Provincial, Pablo Seghezzo; el secretario General del Ministerio de Obras P\u00fablicas, Marcos Renna; el intendente de Avellaneda, Gonzalo Baidot; el presidente de la Comisi\u00f3n Vecinal de Moussy, Horacio Pigh\u00edn; el diputado provincial, Dionisio Scarp\u00edn; la diputada Mar\u00eda del Rosario Mansini; el senador por el departamento General Obligado, Orfilio Marc\u00f3n; y el subadministrador de Vialidad, Sergio Cardozo.<\/p>\n<p>Al inicio, el administrador de Vialidad Provincial, Pablo Seghezzo destac\u00f3 que \u201ces de las primeras obras viales de pavimentaci\u00f3n que licitamos en esta gesti\u00f3n, por el impulso y decisi\u00f3n del gobernador Pullaro y el ministro Lisandro Enrico. El desaf\u00edo es muy grande porque la red vial est\u00e1 muy destruida en toda la provincia. Pero estamos trabajando en equipo, bien guiados, y esta vez, a pesar del complejo marco econ\u00f3mico, vamos a ejecutar una obra que durante toda la vida esperaron los vecinos de Moussy\u201d.<\/p>\n<p>\u201cTuvimos 8 oferentes, una muy buena convocatoria de contratistas lo que muestra la transparencia del proceso que estamos llevando a cabo\u201d, agreg\u00f3.<\/p>\n<p>En tanto, el intendente de Avellaneda, Gonzalo Baidot, agradeci\u00f3 la presencia de las autoridades y se\u00f1al\u00f3: \u201cPara nosotros es un momento muy importante lo que estamos viviendo hoy, por eso agradezco al gobernador Pullaro por cumplir su promesa, al ministro Lisandro Enrico y a todas las autoridades que trabajaron para avanzar con esta obra, y mejorar as\u00ed la calidad de vida de todos los vecinos de Moussy. Esto marca un antes y un despu\u00e9s para nosotros de mucho crecimiento para la localidad\u201d.<\/p>\n<p>El presidente de la vecinal Moussy, Horacio Pighin, subray\u00f3 la importancia de mejorar la calidad de vida de los vecinos y \u201cme emociona saber que esta es la primera obra de pavimentaci\u00f3n que Vialidad Provincial licita en esta gesti\u00f3n; eso muestra el compromiso que tiene para con esta regi\u00f3n\u201d.<\/p>\n<p>A su turno, el senador departamental, Orfilio Marc\u00f3n, record\u00f3 que el gobernador Pullaro recorri\u00f3 la zona, y \u201cse comprometi\u00f3 a trabajar por este acceso, y hoy ya estamos licitando la obra. Como dice nuestro gobernador vamos a mostrar que Santa Fe va a salir adelante y le va a mostrar al pa\u00eds que con esfuerzo y coraje las realidades se modifican\u201d.<\/p>\n<p>Finalmente, el secretario general del ministerio, Marcos Renna, transmiti\u00f3 el saludo del gobernador Maximiliano Pullaro y del ministro de Obras P\u00fablicas, Lisandro Enrico. Y coment\u00f3 que \u201ca cinco meses de haber asumido, con todas las dificultades que ten\u00edamos, ya estamos impulsando obras en todos los departamentos. En el Ministerio de Obras P\u00fablicas hab\u00eda como m\u00ednimo m\u00e1s de 6 meses de retraso de pagos a contratistas, comunas y municipios. El 95% de las obras estaban ralentizadas y paralizadas en Santa Fe. Esto fue una dificultad enorme para un ministerio que reci\u00e9n empezaba, pero pudimos salir adelante con una buena administraci\u00f3n, trabajando todos en equipo. Ya tenemos m\u00e1s de cien obras en marcha\u201d.<\/p>\n<p>&nbsp;<\/p>\n<p>Ofertas<\/p>\n<p>La obra consiste en la construcci\u00f3n de la calzada pavimentada en una longitud de 4.000 metros con banquinas externas a ambos lados.<\/p>\n<p>Con un presupuesto oficial de $ 1.747.178.018,93 y un plazo de ejecuci\u00f3n de 8 meses calendario, se presentaron ocho ofertas econ\u00f3micas: Inar Vial S.A. cotiz\u00f3 $1.947.992.809,13; UT Mem Ingenier\u00eda S.A. \u2013 Conhormaq S.R.L. cotiz\u00f3 $2.203.162.040,70; ICF S.A. cotiz\u00f3 $1.730.788.511,32; N\u00e9stor Guerechet S.A. cotiz\u00f3 $2.502.886.775,13; BWT Construcciones y servicios S.A. \u2013 Riva S.A.I.I.C.F.A. U.T. cotiz\u00f3 $3.640.573.533,20; Angel Boscarino Construcciones S.A. cotiz\u00f3 $2.337.407.253,84; Ponce Construcciones S.R.L. cotiz\u00f3 $1.847.627.244,42; y una octava y \u00faltima oferta correspondiente a la firma Rava S.A. cotiz\u00f3 $1.891.489.300,77.<\/p>\n","protected":false},"excerpt":{"rendered":"<p>La obra hab\u00eda sido anunciada por el gobernador Maximiliano Pullaro y el ministro Lisandro Enrico, e impulsar\u00e1 el desarrollo y brindar\u00e1 nuevas oportunidades para los habitantes de Moussy, en Avellaneda. Se presentaron 8 ofertas. Tras m\u00e1s de 100 a\u00f1os de espera, Moussy, en Avellaneda, departamento General Obligado, podr\u00e1 tener su acceso asfaltado de 4 kil\u00f3metros [&hellip;]<\/p>\n","protected":false},"author":3,"featured_media":51909,"comment_status":"closed","ping_status":"closed","sticky":false,"template":"","format":"standard","meta":{"_joinchat":[],"footnotes":""},"categories":[60],"tags":[],"class_list":{"0":"post-51908","1":"post","2":"type-post","3":"status-publish","4":"format-standard","5":"has-post-thumbnail","7":"category-provinciales"},"_links":{"self":[{"href":"https:\/\/infovera.com.ar\/web\/wp-json\/wp\/v2\/posts\/51908","targetHints":{"allow":["GET"]}}],"collection":[{"href":"https:\/\/infovera.com.ar\/web\/wp-json\/wp\/v2\/posts"}],"about":[{"href":"https:\/\/infovera.com.ar\/web\/wp-json\/wp\/v2\/types\/post"}],"author":[{"embeddable":true,"href":"https:\/\/infovera.com.ar\/web\/wp-json\/wp\/v2\/users\/3"}],"replies":[{"embeddable":true,"href":"https:\/\/infovera.com.ar\/web\/wp-json\/wp\/v2\/comments?post=51908"}],"version-history":[{"count":0,"href":"https:\/\/infovera.com.ar\/web\/wp-json\/wp\/v2\/posts\/51908\/revisions"}],"wp:featuredmedia":[{"embeddable":true,"href":"https:\/\/infovera.com.ar\/web\/wp-json\/wp\/v2\/media\/51909"}],"wp:attachment":[{"href":"https:\/\/infovera.com.ar\/web\/wp-json\/wp\/v2\/media?parent=51908"}],"wp:term":[{"taxonomy":"category","embeddable":true,"href":"https:\/\/infovera.com.ar\/web\/wp-json\/wp\/v2\/categories?post=51908"},{"taxonomy":"post_tag","embeddable":true,"href":"https:\/\/infovera.com.ar\/web\/wp-json\/wp\/v2\/tags?post=51908"}],"curies":[{"name":"wp","href":"https:\/\/api.w.org\/{rel}","templated":true}]}}