{"id":51905,"date":"2024-05-07T10:30:49","date_gmt":"2024-05-07T13:30:49","guid":{"rendered":"https:\/\/infovera.com.ar\/web\/?p=51905"},"modified":"2024-05-07T19:54:18","modified_gmt":"2024-05-07T22:54:18","slug":"souilhe-advierte-que-la-situacion-social-es-desesperante-y-que-se-agota-la-paciencia","status":"publish","type":"post","link":"https:\/\/infovera.com.ar\/web\/2024\/05\/07\/souilhe-advierte-que-la-situacion-social-es-desesperante-y-que-se-agota-la-paciencia\/","title":{"rendered":"Souilh\u00e9 advierte que la situaci\u00f3n social es &#8220;desesperante&#8221; y que &#8220;se agota la paciencia&#8221;"},"content":{"rendered":"<p>El concejal del PJ, Mario Souilh\u00e9, cruz\u00f3 a la clase pol\u00edtica por el nivel de indiferencia ante la crisis social que afecta a Vera.<\/p>\n<p>El edil inquiri\u00f3 &#8220;hasta cu\u00e1ndo Sres. gobernantes?&#8221;, y mostr\u00f3 en sus redes la cantidad de mensajes que recibe a diario&#8221; con pedidos de mercader\u00edas.<\/p>\n<p>&#8220;La situaci\u00f3n social es desesperante, la gente revuelve los contenedores buscando comida&#8221;, se\u00f1al\u00f3&#8221;, y luego apunt\u00f3 a sus pares legislativos: &#8220;No podemos ser m\u00e1s indiferentes. Present\u00e9 un proyecto declarando la Emergencia Alimentaria y no lo trataron&#8221;.<\/p>\n<p>&#8220;Est\u00e1n esperando que la gente se rebele? Les aviso que se est\u00e1 agotando la paciencia&#8221;, advirti\u00f3.<\/p>\n","protected":false},"excerpt":{"rendered":"<p>El concejal del PJ, Mario Souilh\u00e9, cruz\u00f3 a la clase pol\u00edtica por el nivel de indiferencia ante la crisis social que afecta a Vera. El edil inquiri\u00f3 &#8220;hasta cu\u00e1ndo Sres. gobernantes?&#8221;, y mostr\u00f3 en sus redes la cantidad de mensajes que recibe a diario&#8221; con pedidos de mercader\u00edas. &#8220;La situaci\u00f3n social es desesperante, la gente [&hellip;]<\/p>\n","protected":false},"author":3,"featured_media":51906,"comment_status":"closed","ping_status":"closed","sticky":false,"template":"","format":"standard","meta":{"_joinchat":[],"footnotes":""},"categories":[53],"tags":[],"class_list":{"0":"post-51905","1":"post","2":"type-post","3":"status-publish","4":"format-standard","5":"has-post-thumbnail","7":"category-vera"},"_links":{"self":[{"href":"https:\/\/infovera.com.ar\/web\/wp-json\/wp\/v2\/posts\/51905","targetHints":{"allow":["GET"]}}],"collection":[{"href":"https:\/\/infovera.com.ar\/web\/wp-json\/wp\/v2\/posts"}],"about":[{"href":"https:\/\/infovera.com.ar\/web\/wp-json\/wp\/v2\/types\/post"}],"author":[{"embeddable":true,"href":"https:\/\/infovera.com.ar\/web\/wp-json\/wp\/v2\/users\/3"}],"replies":[{"embeddable":true,"href":"https:\/\/infovera.com.ar\/web\/wp-json\/wp\/v2\/comments?post=51905"}],"version-history":[{"count":0,"href":"https:\/\/infovera.com.ar\/web\/wp-json\/wp\/v2\/posts\/51905\/revisions"}],"wp:featuredmedia":[{"embeddable":true,"href":"https:\/\/infovera.com.ar\/web\/wp-json\/wp\/v2\/media\/51906"}],"wp:attachment":[{"href":"https:\/\/infovera.com.ar\/web\/wp-json\/wp\/v2\/media?parent=51905"}],"wp:term":[{"taxonomy":"category","embeddable":true,"href":"https:\/\/infovera.com.ar\/web\/wp-json\/wp\/v2\/categories?post=51905"},{"taxonomy":"post_tag","embeddable":true,"href":"https:\/\/infovera.com.ar\/web\/wp-json\/wp\/v2\/tags?post=51905"}],"curies":[{"name":"wp","href":"https:\/\/api.w.org\/{rel}","templated":true}]}}