{"id":51901,"date":"2024-05-07T10:11:04","date_gmt":"2024-05-07T13:11:04","guid":{"rendered":"https:\/\/infovera.com.ar\/web\/?p=51901"},"modified":"2024-05-07T10:11:04","modified_gmt":"2024-05-07T13:11:04","slug":"condenaron-a-11-anos-de-prision-a-un-hombre-que-cometio-abusos-sexuales-en-san-justo","status":"publish","type":"post","link":"https:\/\/infovera.com.ar\/web\/2024\/05\/07\/condenaron-a-11-anos-de-prision-a-un-hombre-que-cometio-abusos-sexuales-en-san-justo\/","title":{"rendered":"Condenaron a 11 a\u00f1os de prisi\u00f3n a un hombre que cometi\u00f3 abusos sexuales en San Justo"},"content":{"rendered":"<p>Se trata de Adelkis Marcelo Videla, de 50 a\u00f1os, quien vulner\u00f3 la integridad sexual de una mujer en diferentes oportunidades, desde la \u00e9poca en la que ella era ni\u00f1a. La pena fue impuesta en el marco de un juicio oral que finaliz\u00f3 este mediod\u00eda en los tribunales de la ciudad de Santa Fe. La fiscal que represent\u00f3 al MPA en el debate es Alejandra Del R\u00edo Ayala.<\/p>\n<p>Un hombre de 50 a\u00f1os, identificado como Adelkis Marcelo Videla, fue condenado a 11 a\u00f1os de prisi\u00f3n como autor de abusos sexuales cometidos en San Justo. Los il\u00edcitos fueron en reiteradas oportunidades, en perjuicio de una misma v\u00edctima que al momento de los primeros hechos era menor de edad.<\/p>\n<p>La sentencia fue dispuesta por un tribunal presidido por la jueza Celeste Minniti e integrado adem\u00e1s por los jueces Gustavo Urdiales y Pablo Spekuljak, en el marco de un juicio oral que finaliz\u00f3 este mediod\u00eda en la ciudad de Santa Fe.<\/p>\n<p>La fiscal que investig\u00f3 lo sucedido y represent\u00f3 al MPA en el debate es Alejandra Del R\u00edo Ayala. Luego de la audiencia en la que se dio a conocer el veredicto, destac\u00f3 que &#8220;Videla fue condenado por la calificaci\u00f3n penal que propusimos a una pena s\u00f3lo un a\u00f1o menor a la que solicitamos en la acusaci\u00f3n&#8221;.<\/p>\n<p>Por otro lado, Del R\u00edo Ayala valor\u00f3 que &#8220;el tribunal orden\u00f3 la prisi\u00f3n preventiva del condenado hasta que el fallo quede firme&#8221;. Al respecto, explic\u00f3 que &#8220;el hombre de 50 a\u00f1os transit\u00f3 el proceso penal con medidas alternativas a la privaci\u00f3n de la libertad&#8221;, e inform\u00f3 que &#8220;tras la audiencia de hoy, fue detenido inmediatamente&#8221;.<\/p>\n<p><strong>Los hechos<\/strong><\/p>\n<p>La funcionaria del MPA indic\u00f3 que &#8220;Videla llev\u00f3 a cabo sus conductas delictivas entre 1997 y 2016&#8221;, y aclar\u00f3 que &#8220;la v\u00edctima era una ni\u00f1a cuando el condenado la agredi\u00f3 sexualmente por primera vez&#8221;. En relaci\u00f3n a ese hecho, puntualiz\u00f3 que &#8220;eran vecinos y el ataque fue en un predio rural en el que ella asist\u00eda a una colonia de verano&#8221;.<\/p>\n<p>&#8220;El hombre de 50 a\u00f1os se aprovech\u00f3 de la relaci\u00f3n asim\u00e9trica de poder que ten\u00eda con la v\u00edctima, quien es mujer, d\u00e9cadas menor que \u00e9l y posee un retraso mental moderado&#8221;, afirm\u00f3 Del R\u00edo Ayala. &#8220;Adem\u00e1s, para procurar su impunidad, la amenazaba con matarlas a ella y a su madre embisti\u00e9ndolas con un autom\u00f3vil&#8221;, remarc\u00f3.<\/p>\n<p><strong>Denuncia e investigaci\u00f3n<\/strong><\/p>\n<p>La fiscal se\u00f1al\u00f3 que &#8220;un primo de la v\u00edctima advirti\u00f3 indicios de lo sucedido y se lo cont\u00f3 a la madre de ella, quien radic\u00f3 la denuncia que origin\u00f3 la investigaci\u00f3n&#8221;.<\/p>\n<p>En tanto, plante\u00f3 que &#8220;a la mujer que sufri\u00f3 los il\u00edcitos luego se le practicaron an\u00e1lisis m\u00e9dicos y se la entrevist\u00f3 en c\u00e1mara Gesell&#8221;. A su vez, inform\u00f3 que &#8220;para dar cuenta del contexto de las conductas delictivas,\u00a0tambi\u00e9n declararon diferentes personas de su entorno familiar&#8221;.<\/p>\n<p><strong>Calificaci\u00f3n penal<\/strong><\/p>\n<p>Videla fue condenado como autor de abuso sexual con acceso carnal.<\/p>\n","protected":false},"excerpt":{"rendered":"<p>Se trata de Adelkis Marcelo Videla, de 50 a\u00f1os, quien vulner\u00f3 la integridad sexual de una mujer en diferentes oportunidades, desde la \u00e9poca en la que ella era ni\u00f1a. La pena fue impuesta en el marco de un juicio oral que finaliz\u00f3 este mediod\u00eda en los tribunales de la ciudad de Santa Fe. La fiscal [&hellip;]<\/p>\n","protected":false},"author":3,"featured_media":33337,"comment_status":"closed","ping_status":"closed","sticky":false,"template":"","format":"standard","meta":{"_joinchat":[],"footnotes":""},"categories":[30,61],"tags":[],"class_list":{"0":"post-51901","1":"post","2":"type-post","3":"status-publish","4":"format-standard","5":"has-post-thumbnail","7":"category-policiales","8":"category-regionales"},"_links":{"self":[{"href":"https:\/\/infovera.com.ar\/web\/wp-json\/wp\/v2\/posts\/51901","targetHints":{"allow":["GET"]}}],"collection":[{"href":"https:\/\/infovera.com.ar\/web\/wp-json\/wp\/v2\/posts"}],"about":[{"href":"https:\/\/infovera.com.ar\/web\/wp-json\/wp\/v2\/types\/post"}],"author":[{"embeddable":true,"href":"https:\/\/infovera.com.ar\/web\/wp-json\/wp\/v2\/users\/3"}],"replies":[{"embeddable":true,"href":"https:\/\/infovera.com.ar\/web\/wp-json\/wp\/v2\/comments?post=51901"}],"version-history":[{"count":0,"href":"https:\/\/infovera.com.ar\/web\/wp-json\/wp\/v2\/posts\/51901\/revisions"}],"wp:featuredmedia":[{"embeddable":true,"href":"https:\/\/infovera.com.ar\/web\/wp-json\/wp\/v2\/media\/33337"}],"wp:attachment":[{"href":"https:\/\/infovera.com.ar\/web\/wp-json\/wp\/v2\/media?parent=51901"}],"wp:term":[{"taxonomy":"category","embeddable":true,"href":"https:\/\/infovera.com.ar\/web\/wp-json\/wp\/v2\/categories?post=51901"},{"taxonomy":"post_tag","embeddable":true,"href":"https:\/\/infovera.com.ar\/web\/wp-json\/wp\/v2\/tags?post=51901"}],"curies":[{"name":"wp","href":"https:\/\/api.w.org\/{rel}","templated":true}]}}