{"id":51894,"date":"2024-05-07T10:01:46","date_gmt":"2024-05-07T13:01:46","guid":{"rendered":"https:\/\/infovera.com.ar\/web\/?p=51894"},"modified":"2024-05-07T10:34:59","modified_gmt":"2024-05-07T13:34:59","slug":"rojas-pidio-que-se-incluya-al-norte-provincial-en-el-programa-nueva-oportunidad","status":"publish","type":"post","link":"https:\/\/infovera.com.ar\/web\/2024\/05\/07\/rojas-pidio-que-se-incluya-al-norte-provincial-en-el-programa-nueva-oportunidad\/","title":{"rendered":"Rojas pidi\u00f3 que se incluya al norte provincial en el Programa Nueva Oportunidad"},"content":{"rendered":"<p>Mediante un proyecto presentado en la C\u00e1mara, el diputado Chiqui Rojas solicit\u00f3 le implementaci\u00f3n del Nueva Oportunidad en los departamentos del norte.<\/p>\n<p>Recientemente, el gobernador Pullaro y la ministra Tejeda anunciaron la vuelta de este programa, una de las pol\u00edticas emblem\u00e1ticas del gobierno de Miguel Lifschitz, destinada a j\u00f3venes en situaci\u00f3n de vulnerabilidad. Al respecto, Rojas asegur\u00f3 que \u201cel regreso del Nueva Oportunidad es una excelente noticia. Lo m\u00e1s f\u00e1cil es pensar la exclusi\u00f3n con una mirada represiva. Por el contrario, este programa busca mejorar la situaci\u00f3n de adolescentes y j\u00f3venes, con un enfoque integral, priorizando lo social y acompa\u00f1\u00e1ndolos en su recorrido escolar y laboral, as\u00ed como trabajando los v\u00ednculos y las relaciones de convivencia.\u201d<\/p>\n<p>Rojas record\u00f3 que \u201centre 2017 y 2019 m\u00e1s de 700 j\u00f3venes del norte participaron del programa, con resultados muy positivos, gracias a un despliegue territorial y de seguimiento muy importante por parte de las diferentes secretar\u00edas y ministerios. Es fundamental poder ofrecerle la oportunidad a los j\u00f3venes y adolescentes de poder desarrollar su proyecto de vida en sus lugares de origen. Por esa raz\u00f3n, junto a la concejal verense Ana Paula Capello, quien fue una de las personas que tuvo a cargo el programa y conoce a la perfecci\u00f3n los beneficios del Nueva Oportunidad en t\u00e9rminos de inclusi\u00f3n, impulsamos este pedido al gobierno provincial para que el programa vuelva a implementarse en todos los departamentos del norte.\u201d<\/p>\n","protected":false},"excerpt":{"rendered":"<p>Mediante un proyecto presentado en la C\u00e1mara, el diputado Chiqui Rojas solicit\u00f3 le implementaci\u00f3n del Nueva Oportunidad en los departamentos del norte. Recientemente, el gobernador Pullaro y la ministra Tejeda anunciaron la vuelta de este programa, una de las pol\u00edticas emblem\u00e1ticas del gobierno de Miguel Lifschitz, destinada a j\u00f3venes en situaci\u00f3n de vulnerabilidad. Al respecto, [&hellip;]<\/p>\n","protected":false},"author":3,"featured_media":51895,"comment_status":"closed","ping_status":"closed","sticky":false,"template":"","format":"standard","meta":{"_joinchat":[],"footnotes":""},"categories":[53],"tags":[],"class_list":{"0":"post-51894","1":"post","2":"type-post","3":"status-publish","4":"format-standard","5":"has-post-thumbnail","7":"category-vera"},"_links":{"self":[{"href":"https:\/\/infovera.com.ar\/web\/wp-json\/wp\/v2\/posts\/51894","targetHints":{"allow":["GET"]}}],"collection":[{"href":"https:\/\/infovera.com.ar\/web\/wp-json\/wp\/v2\/posts"}],"about":[{"href":"https:\/\/infovera.com.ar\/web\/wp-json\/wp\/v2\/types\/post"}],"author":[{"embeddable":true,"href":"https:\/\/infovera.com.ar\/web\/wp-json\/wp\/v2\/users\/3"}],"replies":[{"embeddable":true,"href":"https:\/\/infovera.com.ar\/web\/wp-json\/wp\/v2\/comments?post=51894"}],"version-history":[{"count":0,"href":"https:\/\/infovera.com.ar\/web\/wp-json\/wp\/v2\/posts\/51894\/revisions"}],"wp:featuredmedia":[{"embeddable":true,"href":"https:\/\/infovera.com.ar\/web\/wp-json\/wp\/v2\/media\/51895"}],"wp:attachment":[{"href":"https:\/\/infovera.com.ar\/web\/wp-json\/wp\/v2\/media?parent=51894"}],"wp:term":[{"taxonomy":"category","embeddable":true,"href":"https:\/\/infovera.com.ar\/web\/wp-json\/wp\/v2\/categories?post=51894"},{"taxonomy":"post_tag","embeddable":true,"href":"https:\/\/infovera.com.ar\/web\/wp-json\/wp\/v2\/tags?post=51894"}],"curies":[{"name":"wp","href":"https:\/\/api.w.org\/{rel}","templated":true}]}}