{"id":51885,"date":"2024-05-06T11:57:15","date_gmt":"2024-05-06T14:57:15","guid":{"rendered":"https:\/\/infovera.com.ar\/web\/?p=51885"},"modified":"2024-05-06T11:57:15","modified_gmt":"2024-05-06T14:57:15","slug":"pullaro-vamos-a-trabajar-para-tener-una-policia-moderna-que-de-respuestas-eficientes-contra-el-delito","status":"publish","type":"post","link":"https:\/\/infovera.com.ar\/web\/2024\/05\/06\/pullaro-vamos-a-trabajar-para-tener-una-policia-moderna-que-de-respuestas-eficientes-contra-el-delito\/","title":{"rendered":"Pullaro: \u201cVamos a trabajar para tener una Polic\u00eda moderna que d\u00e9 respuestas eficientes contra el delito\u201d"},"content":{"rendered":"<p>Lo afirm\u00f3 el gobernador de Santa Fe durante el acto de inauguraci\u00f3n del ciclo lectivo del Instituto de Seguridad P\u00fablica. \u201cSer\u00e1 una instituci\u00f3n policial prestigiosa que a todos y a todas les dar\u00e1 orgullo pertenecer\u201d, asegur\u00f3.<\/p>\n<p>El gobernador Maximiliano Pullaro dej\u00f3 inaugurado este lunes el ciclo lectivo del Instituto de Seguridad P\u00fablica (ISEP) en la sede de la ciudad de Recreo. Un total de 1.383 cadetes comenzar\u00e1n a cursar la carrera policial en las sedes Recreo y Rosario del ISEP.<\/p>\n<p>Del acto formaron parte el ministro de Justicia y Seguridad, Pablo Cococcioni; el intendente de Recreo, Omar Colombo; autoridades provinciales; legisladores; concejales; ingresantes y estudiantes avanzados de la carrera policial, entre otros.<\/p>\n<p>Al referirse a los ingresantes, Pullaro asegur\u00f3 que \u201cen nuestro gobierno nos vamos a esforzar much\u00edsimo para que ustedes tengan todo lo que necesitan: una formaci\u00f3n de excelencia, un entrenamiento acorde a los tiempos que corren y el d\u00eda que salgan a la calle a honrar el uniforme, contar\u00e1n con el equipamiento que necesitan. Es por eso que estamos haciendo una compra de patrulleros, motocicletas, armamentos y vamos a invertir m\u00e1s de 28.000 millones de pesos en los uniformes de cada hombre y mujer de la polic\u00eda de la provincia de Santa Fe\u201d.<\/p>\n<p>Asimismo, el gobernador afirm\u00f3: \u201cVamos a trabajar para tener una Polic\u00eda moderna que pueda dar respuestas, que tenga incorporada la tecnolog\u00eda que hoy nos permite a nosotros ser mucho m\u00e1s \u00e1giles, pero fundamentalmente mucho m\u00e1s eficientes en la persecuci\u00f3n y en la investigaci\u00f3n del delito\u201d, y agreg\u00f3: \u201cVamos a trabajar en la refuncionalizaci\u00f3n de las comisar\u00edas en las grandes ciudades para pasar a un esquema de estaciones policiales donde haya funciones operativas y funciones investigativas claramente determinadas. Y vamos a esforzarnos much\u00edsimo para que de ahora en adelante la carrera policial realmente sea una carrera en escala donde ustedes tengan que seguir form\u00e1ndose y reentren\u00e1ndose en funci\u00f3n de cada una de las jerarqu\u00edas que vayan a ostentar o de cada uno de los a\u00f1os que pasen por esta honorable instituci\u00f3n\u201d.<\/p>\n<p>Por \u00faltimo, Pullaro se\u00f1al\u00f3: \u201cSepan que van a contar siempre con el respaldo del gobierno de la provincia de Santa Fe, que entre todos vamos a construir la nueva polic\u00eda que va a ser la polic\u00eda del ma\u00f1ana y ser\u00e1 una instituci\u00f3n policial prestigiosa que a todos y a todas les va a dar orgullo poder pertenecer a la misma\u201d.<\/p>\n<p>&nbsp;<\/p>\n<p>Formaci\u00f3n constante<\/p>\n<p>M\u00e1s adelante, el ministro Cococcioni alent\u00f3 a los ingresantes manifest\u00e1ndoles que \u201csepan aprovechar cada minuto de este trayecto formativo que tienen delante de s\u00ed para convertirse en mejores funcionarios y realmente poder incorporarse a las filas de la Polic\u00eda de Santa Fe en un momento en el cual la sociedad espera mucho de nosotros. La formaci\u00f3n de un polic\u00eda dura hasta el \u00faltimo d\u00eda de su carrera activa porque todos los d\u00edas van a aprender algo nuevo y a futuro podr\u00e1n transmitir las vivencias, las pr\u00e1cticas y c\u00f3mo realizar m\u00e1s eficientemente una tarea que debe ser de las m\u00e1s nobles que tiene nuestra sociedad, que es poner el cuerpo y estar en la calle para cuidar al otro\u201d.<\/p>\n<p>Finalmente, el intendente de Recreo remarc\u00f3 que \u201ceste camino es el que tienen que aprovechar para ser buenos servidores p\u00fablicos porque eso es lo que queremos cada uno de los santafesinos y las santafesinas que habitamos esta hermosa provincia. Ser\u00e1 un orgullo que desde Recreo puedan salir aquellos que para la provincia de Santa Fe nos ayuden a conseguir la paz y la tranquilidad que todos los santafesinos deseamos, nos merecemos y que sabemos que es el camino que nuestro gobernador est\u00e1 empe\u00f1ado en conseguir\u201d, cerr\u00f3.<\/p>\n","protected":false},"excerpt":{"rendered":"<p>Lo afirm\u00f3 el gobernador de Santa Fe durante el acto de inauguraci\u00f3n del ciclo lectivo del Instituto de Seguridad P\u00fablica. \u201cSer\u00e1 una instituci\u00f3n policial prestigiosa que a todos y a todas les dar\u00e1 orgullo pertenecer\u201d, asegur\u00f3. El gobernador Maximiliano Pullaro dej\u00f3 inaugurado este lunes el ciclo lectivo del Instituto de Seguridad P\u00fablica (ISEP) en la [&hellip;]<\/p>\n","protected":false},"author":3,"featured_media":51886,"comment_status":"closed","ping_status":"closed","sticky":false,"template":"","format":"standard","meta":{"_joinchat":[],"footnotes":""},"categories":[60],"tags":[],"class_list":{"0":"post-51885","1":"post","2":"type-post","3":"status-publish","4":"format-standard","5":"has-post-thumbnail","7":"category-provinciales"},"_links":{"self":[{"href":"https:\/\/infovera.com.ar\/web\/wp-json\/wp\/v2\/posts\/51885","targetHints":{"allow":["GET"]}}],"collection":[{"href":"https:\/\/infovera.com.ar\/web\/wp-json\/wp\/v2\/posts"}],"about":[{"href":"https:\/\/infovera.com.ar\/web\/wp-json\/wp\/v2\/types\/post"}],"author":[{"embeddable":true,"href":"https:\/\/infovera.com.ar\/web\/wp-json\/wp\/v2\/users\/3"}],"replies":[{"embeddable":true,"href":"https:\/\/infovera.com.ar\/web\/wp-json\/wp\/v2\/comments?post=51885"}],"version-history":[{"count":0,"href":"https:\/\/infovera.com.ar\/web\/wp-json\/wp\/v2\/posts\/51885\/revisions"}],"wp:featuredmedia":[{"embeddable":true,"href":"https:\/\/infovera.com.ar\/web\/wp-json\/wp\/v2\/media\/51886"}],"wp:attachment":[{"href":"https:\/\/infovera.com.ar\/web\/wp-json\/wp\/v2\/media?parent=51885"}],"wp:term":[{"taxonomy":"category","embeddable":true,"href":"https:\/\/infovera.com.ar\/web\/wp-json\/wp\/v2\/categories?post=51885"},{"taxonomy":"post_tag","embeddable":true,"href":"https:\/\/infovera.com.ar\/web\/wp-json\/wp\/v2\/tags?post=51885"}],"curies":[{"name":"wp","href":"https:\/\/api.w.org\/{rel}","templated":true}]}}