{"id":51875,"date":"2024-05-05T10:53:06","date_gmt":"2024-05-05T13:53:06","guid":{"rendered":"https:\/\/infovera.com.ar\/web\/?p=51875"},"modified":"2024-05-05T10:53:06","modified_gmt":"2024-05-05T13:53:06","slug":"titularizacion-docente-en-santa-fe-se-ofrecen-900-cargos-y-57-mil-horas-catedra-en-el-nivel-secundario","status":"publish","type":"post","link":"https:\/\/infovera.com.ar\/web\/2024\/05\/05\/titularizacion-docente-en-santa-fe-se-ofrecen-900-cargos-y-57-mil-horas-catedra-en-el-nivel-secundario\/","title":{"rendered":"Titularizaci\u00f3n docente en Santa Fe: se ofrecen 900 cargos y 57 mil horas c\u00e1tedra en el nivel secundario"},"content":{"rendered":"<div class=\"custom-text text-content styles_paragraph-detail__iq2ji styles_lila-links__fmg8W styles_note-styles__iXm81\">\n<p>Actualmente se est\u00e1 desarrollando en la provincia el proceso de titularizaci\u00f3n en el Nivel Secundario, por el cual se ofrecer\u00e1n este mes un total de 879 cargos y 57.208 horas c\u00e1tedra para docentes en escuelas de modalidad orientada, t\u00e9cnicas y de adultos. Desde el 2 al 6 de mayo se est\u00e1n poniendo a disposici\u00f3n las vacantes de cargos, mientras que a partir del d\u00eda 23 comenzar\u00e1 el ofrecimiento de las horas de las distintas materias.<\/p>\n<\/div>\n<div class=\"custom-text text-content styles_paragraph-detail__iq2ji styles_lila-links__fmg8W styles_note-styles__iXm81\">\n<p>&#8220;Desde el Ministerio de Educaci\u00f3n se garantizaron los mecanismos, procesos y procedimientos necesarios para respetar y cumplir en tiempo y forma con las etapas previstas en el concurso iniciado en 2023&#8221;, dijo Mariela Bosio, subsecretaria de Educaci\u00f3n Secundaria de la cartera educativa, quien record\u00f3 que la inscripci\u00f3n se hab\u00eda realizado entre septiembre y octubre de 2023<picture><\/picture>\n<\/div>\n<div class=\"styles_img-container__ktiGG\">\n<div class=\"styles_article-image-epi__3jf7y\">Los\u00a0<a title=\"concursos de ingreso \" href=\"https:\/\/www.ellitoral.com\/educacion\/ministerio-educacion-cronograma-titularizacion-docente-fechas-santa-fe_0_eO3m8mutWD.html\" target=\"_blank\" rel=\"noopener\">concursos de i<\/a><a title=\"concursos de ingreso \" href=\"https:\/\/www.ellitoral.com\/educacion\/ministerio-educacion-cronograma-titularizacion-docente-fechas-santa-fe_0_eO3m8mutWD.html\" target=\"_blank\" rel=\"noopener\">ngreso\u00a0<\/a>garantizan el acceso a la estabilidad laboral de docentes que se vienen desempe\u00f1ando como reemplazantes. En ese sentido, Bosio valor\u00f3 la posibilidad de &#8220;seguir avanzando en la construcci\u00f3n s\u00f3lida de equipos de trabajo en las escuelas, reconociendo el esfuerzo, la capacitaci\u00f3n y los a\u00f1os de experiencia de docentes que se involucran y generan pertenencia con las instituciones, sum\u00e1ndose con compromiso de garantizar el derecho a la educaci\u00f3n de calidad para todos los estudiantes&#8221;.<\/div>\n<\/div>\n<div class=\"custom-text text-content styles_paragraph-detail__iq2ji styles_lila-links__fmg8W styles_note-styles__iXm81\">\n<p>En cuanto a los cargos que se est\u00e1n ofreciendo hasta el lunes, mediante la plataforma digital, se cuentan los de preceptor, prosecretarios, ayudante t\u00e9cnicos docentes, bibliotecarios, MET (maestro de ense\u00f1anza t\u00e9cnica) y MEP ( maestro ense\u00f1anza pr\u00e1ctica); estos \u00faltimos en escuelas t\u00e9cnicas. Luego del ofrecimiento, se abre una instancia de an\u00e1lisis de incompatibilidades (si se exceden las 44 horas o si tienen un cargo en el mismo turno, entre otras) y el 20 de mayo se proceder\u00e1 a la emisi\u00f3n de la constancia de aceptaci\u00f3n del cargo, desde el portal Mi Legajo, informaci\u00f3n que adem\u00e1s se env\u00eda a las escuelas.<\/p>\n<\/div>\n<div class=\"custom-text text-content styles_paragraph-detail__iq2ji styles_lila-links__fmg8W styles_note-styles__iXm81\">\n<p>Posteriormente, se har\u00e1 lo propio con el ofrecimiento de horas c\u00e1tedra de las distintas materias (Funci\u00f3n 42), a las cuales cada profesor aspira a ser titular. Al momento de la inscripci\u00f3n, tuvieron la posibilidad de anotarse en un total de 6 establecimientos. La toma de posesi\u00f3n se efectivizar\u00e1 el d\u00eda h\u00e1bil anterior al inicio del ciclo lectivo 2025.<\/p>\n<\/div>\n<div class=\"custom-text text-content styles_paragraph-detail__iq2ji styles_lila-links__fmg8W styles_note-styles__iXm81\">\n<p>Cabe recordar que a este concurso podr\u00edan inscribirse aquellos docentes que se encontraban en las condiciones previstas en el Decreto N\u00b0 3029 y Resoluci\u00f3n N\u00b0 1109\/23<picture><\/picture><button class=\"styles_open-img__3J3Sl\" aria-label=\"Open Image\"><\/button><\/p>\n<\/div>\n<div class=\"custom-text text-content styles_paragraph-detail__iq2ji styles_lila-links__fmg8W styles_note-styles__iXm81\">\n<h3><strong>Virtualidad<\/strong><\/h3>\n<\/div>\n<div class=\"custom-text text-content styles_paragraph-detail__iq2ji styles_lila-links__fmg8W styles_note-styles__iXm81\">\n<p>La modalidad del procedimiento del tr\u00e1mite en forma virtual lleg\u00f3 con la pandemia y se qued\u00f3. Anteriormente, el ofrecimiento de vacantes era presencial en distintas sedes que nucleaban a varias regiones educativas. El tr\u00e1mite era masivo y lleg\u00f3 a colmar gimnasios de escuelas y teatros.<\/p>\n<\/div>\n<div class=\"custom-text text-content styles_paragraph-detail__iq2ji styles_lila-links__fmg8W styles_note-styles__iXm81\">\n<p>Al respecto, Bosio indic\u00f3 que esta gesti\u00f3n defini\u00f3 sostener la virtualidad debido a que conlleva varias ventajas. &#8220;Por un lado, la justicia y equidad con docentes de diferentes lugares de la provincia, al no tener que trasladarse importantes distancias para presentarse al acto. Otra es la disponibilidad de tiempo para analizar y decidir con tranquilidad (tienen 24 horas). Adem\u00e1s se evitan ausencias en los lugares de trabajo los d\u00edas de ofrecimiento&#8221;, remarc\u00f3 la subsecretaria.<\/p>\n<\/div>\n<div class=\"custom-text text-content styles_paragraph-detail__iq2ji styles_lila-links__fmg8W styles_note-styles__iXm81\">\n<p>Asimismo, remarc\u00f3 la &#8220;transparencia&#8221; de todo el proceso, considerando la consolidaci\u00f3n de los datos por sistemas inform\u00e1ticos.<\/p>\n<\/div>\n","protected":false},"excerpt":{"rendered":"<p>Actualmente se est\u00e1 desarrollando en la provincia el proceso de titularizaci\u00f3n en el Nivel Secundario, por el cual se ofrecer\u00e1n este mes un total de 879 cargos y 57.208 horas c\u00e1tedra para docentes en escuelas de modalidad orientada, t\u00e9cnicas y de adultos. Desde el 2 al 6 de mayo se est\u00e1n poniendo a disposici\u00f3n las [&hellip;]<\/p>\n","protected":false},"author":3,"featured_media":51876,"comment_status":"closed","ping_status":"closed","sticky":false,"template":"","format":"standard","meta":{"_joinchat":[],"footnotes":""},"categories":[60],"tags":[],"class_list":{"0":"post-51875","1":"post","2":"type-post","3":"status-publish","4":"format-standard","5":"has-post-thumbnail","7":"category-provinciales"},"_links":{"self":[{"href":"https:\/\/infovera.com.ar\/web\/wp-json\/wp\/v2\/posts\/51875","targetHints":{"allow":["GET"]}}],"collection":[{"href":"https:\/\/infovera.com.ar\/web\/wp-json\/wp\/v2\/posts"}],"about":[{"href":"https:\/\/infovera.com.ar\/web\/wp-json\/wp\/v2\/types\/post"}],"author":[{"embeddable":true,"href":"https:\/\/infovera.com.ar\/web\/wp-json\/wp\/v2\/users\/3"}],"replies":[{"embeddable":true,"href":"https:\/\/infovera.com.ar\/web\/wp-json\/wp\/v2\/comments?post=51875"}],"version-history":[{"count":0,"href":"https:\/\/infovera.com.ar\/web\/wp-json\/wp\/v2\/posts\/51875\/revisions"}],"wp:featuredmedia":[{"embeddable":true,"href":"https:\/\/infovera.com.ar\/web\/wp-json\/wp\/v2\/media\/51876"}],"wp:attachment":[{"href":"https:\/\/infovera.com.ar\/web\/wp-json\/wp\/v2\/media?parent=51875"}],"wp:term":[{"taxonomy":"category","embeddable":true,"href":"https:\/\/infovera.com.ar\/web\/wp-json\/wp\/v2\/categories?post=51875"},{"taxonomy":"post_tag","embeddable":true,"href":"https:\/\/infovera.com.ar\/web\/wp-json\/wp\/v2\/tags?post=51875"}],"curies":[{"name":"wp","href":"https:\/\/api.w.org\/{rel}","templated":true}]}}