{"id":51840,"date":"2024-05-03T10:14:59","date_gmt":"2024-05-03T13:14:59","guid":{"rendered":"https:\/\/infovera.com.ar\/web\/?p=51840"},"modified":"2024-05-03T13:58:26","modified_gmt":"2024-05-03T16:58:26","slug":"recupero-la-libertad-la-policia-vial-que-faltaba-del-grupo-de-7-imputados","status":"publish","type":"post","link":"https:\/\/infovera.com.ar\/web\/2024\/05\/03\/recupero-la-libertad-la-policia-vial-que-faltaba-del-grupo-de-7-imputados\/","title":{"rendered":"Recuper\u00f3 la libertad la polic\u00eda vial que faltaba del grupo de 7 imputados"},"content":{"rendered":"<p>En el marco de la causa por robo de mercader\u00edas donde est\u00e1n imputados 7 polic\u00edas viales, esta ma\u00f1ana se realiz\u00f3 la audiencia de revisi\u00f3n de la prisi\u00f3n preventiva para Florencia Acosta, la \u00fanica del grupo que a\u00fan estaba presa ya que el resto de sus compa\u00f1eros hab\u00eda quedado en libertad.<\/p>\n<p>El fiscal Nicol\u00e1s Maglier explic\u00f3 lo resuelto: &#8220;En cuanto a la aplicaci\u00f3n al principio de igualdad y teniendo en cuenta que hab\u00edan recuperado la libertad de sus compa\u00f1eros, coimputados, l\u00f3gicamente, imprimirle el mismo tratamiento a la situaci\u00f3n de Acosta. Habida cuenta que no hay ninguna circunstancia personal que revele una peligrosidad procesal mayor y que pueda ser puesta de manifiesto. Muy por el contrario, en todo caso hay circunstancias personales que aten\u00faan su peligrosidad procesal empezando o iniciando con el domicilio distante del lugar de los hechos. Una cuesti\u00f3n que tiene que ver con la edad, con la reciente pertenencia a la fuerza, etc.&#8221;<\/p>\n<p>Por lo cual se dispuso la libertad con restricciones en id\u00e9ntico tratamiento al que hab\u00eda dispuesto la jueza referente a los coimputados, que deber\u00e1n cumplir los reglas de conducta tambi\u00e9n.<\/p>\n<p>&#8220;Lo m\u00e1s importante para nosotros es que ninguno de ellos se comunique, ni por s\u00ed, ni por intermedio de tercera persona, con quien resulta testigo directo, damnificado, el chofer del cami\u00f3n, como as\u00ed tambi\u00e9n de la empresa, l\u00f3gicamente que es menos factible alg\u00fan tipo de contaminaci\u00f3n en el relato de lo que tiene que ver con los propietarios de la empresa. Pero de todas maneras que no haya comunicaci\u00f3n con la parte damnificada es lo que se impone y es la medida de conducta m\u00e1s importante teniendo en cuenta lo que nosotros estamos investigando. Recordemos que los siete polic\u00edas tienen la misma calificaci\u00f3n. Por lo menos por ahora es as\u00ed, exactamente&#8221;, concluy\u00f3.<\/p>\n","protected":false},"excerpt":{"rendered":"<p>En el marco de la causa por robo de mercader\u00edas donde est\u00e1n imputados 7 polic\u00edas viales, esta ma\u00f1ana se realiz\u00f3 la audiencia de revisi\u00f3n de la prisi\u00f3n preventiva para Florencia Acosta, la \u00fanica del grupo que a\u00fan estaba presa ya que el resto de sus compa\u00f1eros hab\u00eda quedado en libertad. El fiscal Nicol\u00e1s Maglier explic\u00f3 [&hellip;]<\/p>\n","protected":false},"author":3,"featured_media":51616,"comment_status":"closed","ping_status":"closed","sticky":false,"template":"","format":"standard","meta":{"_joinchat":[],"footnotes":""},"categories":[51,30],"tags":[],"class_list":{"0":"post-51840","1":"post","2":"type-post","3":"status-publish","4":"format-standard","5":"has-post-thumbnail","7":"category-locales","8":"category-policiales"},"_links":{"self":[{"href":"https:\/\/infovera.com.ar\/web\/wp-json\/wp\/v2\/posts\/51840","targetHints":{"allow":["GET"]}}],"collection":[{"href":"https:\/\/infovera.com.ar\/web\/wp-json\/wp\/v2\/posts"}],"about":[{"href":"https:\/\/infovera.com.ar\/web\/wp-json\/wp\/v2\/types\/post"}],"author":[{"embeddable":true,"href":"https:\/\/infovera.com.ar\/web\/wp-json\/wp\/v2\/users\/3"}],"replies":[{"embeddable":true,"href":"https:\/\/infovera.com.ar\/web\/wp-json\/wp\/v2\/comments?post=51840"}],"version-history":[{"count":0,"href":"https:\/\/infovera.com.ar\/web\/wp-json\/wp\/v2\/posts\/51840\/revisions"}],"wp:featuredmedia":[{"embeddable":true,"href":"https:\/\/infovera.com.ar\/web\/wp-json\/wp\/v2\/media\/51616"}],"wp:attachment":[{"href":"https:\/\/infovera.com.ar\/web\/wp-json\/wp\/v2\/media?parent=51840"}],"wp:term":[{"taxonomy":"category","embeddable":true,"href":"https:\/\/infovera.com.ar\/web\/wp-json\/wp\/v2\/categories?post=51840"},{"taxonomy":"post_tag","embeddable":true,"href":"https:\/\/infovera.com.ar\/web\/wp-json\/wp\/v2\/tags?post=51840"}],"curies":[{"name":"wp","href":"https:\/\/api.w.org\/{rel}","templated":true}]}}