{"id":51791,"date":"2024-04-30T10:45:53","date_gmt":"2024-04-30T13:45:53","guid":{"rendered":"https:\/\/infovera.com.ar\/web\/?p=51791"},"modified":"2024-05-01T19:34:28","modified_gmt":"2024-05-01T22:34:28","slug":"recuperaron-la-libertad-6-policias-viales-imputados-por-el-hurto-de-latas-de-conserva","status":"publish","type":"post","link":"https:\/\/infovera.com.ar\/web\/2024\/04\/30\/recuperaron-la-libertad-6-policias-viales-imputados-por-el-hurto-de-latas-de-conserva\/","title":{"rendered":"Recuperaron la libertad 6 polic\u00edas viales imputados por el hurto de latas de conserva"},"content":{"rendered":"<p>La jueza Bressan dispuso la libertad con restricciones m\u00e1s reglas de conducta en una audiencia celebrada en la ma\u00f1ana en los Tribunales de Reconquista.<\/p>\n<p>El abogado defensor de los encartados sostuvo que la audiencia fue solicitada a fin de tratar la morigeraci\u00f3n de la prisi\u00f3n preventiva sin plazos que pesaba sobre sus clientes a pedido del fiscal del caso debido a la necesidad de analizar contenidos de c\u00e1maras de seguridad.<\/p>\n<p>El Dr. Ricardo Degoumois dijo que &#8220;am\u00e9n de que ha desaparecido el peligro de estorpecimiento probatorio, porque claramente no existe posibilidad o peligro de fuga&#8221;, en una medida conjunta que oportunamente solicitamos y que la gesti\u00f3n fiscal ha diligenciado al 911 &#8220;hemos obtenido los informes que tambi\u00e9n desvirt\u00faan absolutamente la acusaci\u00f3n del fiscal&#8221;.<\/p>\n<p>El letrado explic\u00f3 que &#8220;en el 9-11, de acuerdo a los informes que hemos facilitado a la gesti\u00f3n fiscal, existe una anotaci\u00f3n donde el chofer del cami\u00f3n dice expresamente que &#8216;la carga se encuentra asegurada&#8217;, por ende, no le preocupa el destino o que sustraigan o que tomen los elementos de cargo. Eso est\u00e1 asentado en el 911, lo que quita la legitimaci\u00f3n e indudablemente desvirt\u00faa absolutamente las circunstancias del calificante del hurto, ya sea calamitoso&#8221;. Es decir, &#8220;desvirt\u00faa notoriamente la carga de verosimilitud de los hechos atribuidos&#8221;.<\/p>\n<p>Adem\u00e1s, consider\u00f3 que &#8220;la prisi\u00f3n preventiva ha llegado a l\u00edmites insospechados en cuanto a la extensi\u00f3n, el se\u00f1or fiscal ha tenido y ha trabajado con un denodado esfuerzo y a tiempo partido con el fin de lograr conciliar todas las diligencias que eran en el corto plazo que le otorg\u00f3 la magistrada de 4 d\u00edas, y as\u00ed el riesgo procesal ha absolutamente desaparecido. (&#8230;) consecuentemente, solicitamos que se deje sin efecto la medida de cautelar de prisi\u00f3n preventiva, que se modifique esa cautelar con la libertad, con alguna serie de restricciones&#8221;.<\/p>\n<p>A su turno, el otro abogado defensor Andr\u00e9s Gh\u00edo argument\u00f3 que &#8220;es p\u00fablico y notorio que hubo otras personas, imputadas, que encontraron mercader\u00eda que pertenec\u00eda a la carga del cami\u00f3n. Inclusive que son funcionarios p\u00fablicos&#8221;, apunt\u00f3, en referencia a una inspectora municipal sindicada que contin\u00faa en libertad. &#8220;Creemos que los imputados (polic\u00edas) est\u00e1n sufriendo una vendetta, es sumamente injusto investigarlos en prisi\u00f3n. Por lo tanto, entiendo que la decisi\u00f3n preventiva para los diputados resulta caprichosa. No es m\u00e1s que un adelanto del tema&#8221;, asegur\u00f3.<\/p>\n<p>El fiscal Nicol\u00e1s Maglier se opuso a las pretensiones defensivas de las contrapartes: &#8220;Creo que se debe mantener la prisi\u00f3n preventiva por cuanto entiendo que, m\u00e1s all\u00e1 de esta cuesti\u00f3n, no se ha acelerado el estado de cosas en forma sustancial y a\u00fan resulta absolutamente proporcional en ordenar los hechos investigados. Quiero manifestarme en este sentido, teniendo en cuenta la necesidad de precisar la extensi\u00f3n del da\u00f1o y averiguar cu\u00e1les ser\u00edan los canales en los circuitos de relocalizaci\u00f3n de la mercader\u00eda sustra\u00edda&#8221;.<\/p>\n<p>El funcionario no concord\u00f3 con vertido por la defensa en cuanto a que a &#8220;la eliminaci\u00f3n o disminuci\u00f3n de los elementos de convicci\u00f3n&#8221;, en raz\u00f3n de que &#8220;la lectura que hace del registro del 911 de ninguna manera excluye esa aseveraci\u00f3n, la materializaci\u00f3n o la consumaci\u00f3n de un desapoderamiento que efectivamente se produjo&#8221;.<\/p>\n<p>En referencia al segundo planteo defensivo formulado por el Dr. Gh\u00edo en funci\u00f3n del principio de igualdad, contrapuso que &#8220;la funcionaria p\u00fablica a la que refer\u00eda no se encontraba en cumplimiento de funciones en el momento de la ocurrencia del hecho, y adem\u00e1s no se puede inferir de los elementos de convicci\u00f3n que han sido recabados con respecto a esa persona, la existencia de una pluralidad de actuaci\u00f3n o de la concurrencia de otras personas que es lo que supuso en un momento la determinaci\u00f3n o remisi\u00f3n de un orden de detenci\u00f3n&#8221;.<\/p>\n<p>Tras escuchar las posiciones encontradas, la jueza de Garant\u00edas Claudia Bress\u00e1n resolvi\u00f3 hacer lugar al pedido de los defensores y dispuso la libertad con restricciones para los polic\u00edas viales Paula Belen V\u00e1zquez, Alexis Joan Zambiaso, Iv\u00e1n Lobos, Nahuel Peresson, Emanuel Magnago y Gast\u00f3n Jos\u00e9 Alfonso Ram\u00edrez, todos imputados como coutores penalmente responsables del delito de hurto doblemente calificado, por ser en ocasi\u00f3n de un infortunio o del damnificado, hurto calamitoso y por ser sobre mercader\u00eda transportada.<\/p>\n<p>De total de 7 acusados, solo permanece con prisi\u00f3n preventiva domicliaria la suboficial Micaela Acosta, patrocinada por otro apoderado legal.<\/p>\n<p><strong>En dos camionetas<\/strong><\/p>\n<p>Los polic\u00edas viales fueron se\u00f1alados por fiscal\u00eda por el \u201cdesapoderamiento ileg\u00edtimo practicado en aprovechamiento de un incidente vehicular registrado que involucrara dos camiones\u201d, uno de ellos con cuantiosa mercader\u00eda, vali\u00e9ndose de dos camionetas policiales abocadas a la prestaci\u00f3n de servicios p\u00fablicos de seguridad ciudadana donde cargaron las cajas para luego trasladarlas a la casa del polic\u00eda Peresson.<\/p>\n<p>En ese domicilio se secuestr\u00f3 cerca de 3.000\u00a0latas de at\u00fan, frutillas enteras y choclo. Esos elementos obran como evidencia, al igual que los registros f\u00edlmicos de un domo de seguridad ubicado a metros de la casa allanada, en el barrio Loteo Las Lilas de Reconquista, y cuya instalaci\u00f3n por esas vueltas del destino hab\u00eda sido gestionada por el polic\u00eda vial Peresson en su rol de coordinador de un grupo de vecinos preocupados por la inseguridad.<\/p>\n","protected":false},"excerpt":{"rendered":"<p>La jueza Bressan dispuso la libertad con restricciones m\u00e1s reglas de conducta en una audiencia celebrada en la ma\u00f1ana en los Tribunales de Reconquista. El abogado defensor de los encartados sostuvo que la audiencia fue solicitada a fin de tratar la morigeraci\u00f3n de la prisi\u00f3n preventiva sin plazos que pesaba sobre sus clientes a pedido [&hellip;]<\/p>\n","protected":false},"author":3,"featured_media":51792,"comment_status":"closed","ping_status":"closed","sticky":false,"template":"","format":"standard","meta":{"_joinchat":[],"footnotes":""},"categories":[51,30],"tags":[],"class_list":{"0":"post-51791","1":"post","2":"type-post","3":"status-publish","4":"format-standard","5":"has-post-thumbnail","7":"category-locales","8":"category-policiales"},"_links":{"self":[{"href":"https:\/\/infovera.com.ar\/web\/wp-json\/wp\/v2\/posts\/51791","targetHints":{"allow":["GET"]}}],"collection":[{"href":"https:\/\/infovera.com.ar\/web\/wp-json\/wp\/v2\/posts"}],"about":[{"href":"https:\/\/infovera.com.ar\/web\/wp-json\/wp\/v2\/types\/post"}],"author":[{"embeddable":true,"href":"https:\/\/infovera.com.ar\/web\/wp-json\/wp\/v2\/users\/3"}],"replies":[{"embeddable":true,"href":"https:\/\/infovera.com.ar\/web\/wp-json\/wp\/v2\/comments?post=51791"}],"version-history":[{"count":0,"href":"https:\/\/infovera.com.ar\/web\/wp-json\/wp\/v2\/posts\/51791\/revisions"}],"wp:featuredmedia":[{"embeddable":true,"href":"https:\/\/infovera.com.ar\/web\/wp-json\/wp\/v2\/media\/51792"}],"wp:attachment":[{"href":"https:\/\/infovera.com.ar\/web\/wp-json\/wp\/v2\/media?parent=51791"}],"wp:term":[{"taxonomy":"category","embeddable":true,"href":"https:\/\/infovera.com.ar\/web\/wp-json\/wp\/v2\/categories?post=51791"},{"taxonomy":"post_tag","embeddable":true,"href":"https:\/\/infovera.com.ar\/web\/wp-json\/wp\/v2\/tags?post=51791"}],"curies":[{"name":"wp","href":"https:\/\/api.w.org\/{rel}","templated":true}]}}