{"id":51697,"date":"2024-04-25T20:16:46","date_gmt":"2024-04-25T23:16:46","guid":{"rendered":"https:\/\/infovera.com.ar\/web\/?p=51697"},"modified":"2024-04-25T20:26:40","modified_gmt":"2024-04-25T23:26:40","slug":"en-reconquista-debuto-el-nuevo-control-de-legalidad-de-detencion","status":"publish","type":"post","link":"https:\/\/infovera.com.ar\/web\/2024\/04\/25\/en-reconquista-debuto-el-nuevo-control-de-legalidad-de-detencion\/","title":{"rendered":"En Reconquista debut\u00f3 el nuevo control de legalidad de detenci\u00f3n"},"content":{"rendered":"<p>Luego de la sanci\u00f3n de la reforma al C\u00f3digo Procesal Penal de la provincia aprobada el 27 de marzo, que conllev\u00f3 la puesta en pr\u00e1ctica de nuevas herramientas para apuntalar la pol\u00edtica de seguridad de la actual gesti\u00f3n, la variante de control de legalidad de la detenci\u00f3n de personas debut\u00f3 en la jornada del jueves en la provincia, en el marco de una causa por hurto y robo en Reconquista.<\/p>\n<p>La nueva norma que entr\u00f3 en vigencia a la 0 hora del mi\u00e9rcoles 24 ampl\u00eda el plazo de detenci\u00f3n a 15 d\u00edas prorrogable por otro igual, con control judicial. Adem\u00e1s, permite que el fiscal pueda disponer por s\u00ed y ante s\u00ed una detenci\u00f3n de hasta 30 d\u00edas sin necesidad de hacer conocer los cargos, los hechos y las pruebas que justifican la incriminaci\u00f3n y la detenci\u00f3n.<\/p>\n<p>Pero, obliga a que dentro de las 24 horas de detenida la persona la misma debe ser llevada ante un juez para que ejerza su derecho a ser escuchada y para que el juez revise la legalidad de la detenci\u00f3n.<\/p>\n<p>El fiscal Alejandro Rodr\u00edguez, de la Unidad Fiscal Reconquista, actu\u00f3 en el caso donde se investiga la participaci\u00f3n de Jos\u00e9 Luis O. en hechos de hurto calificado y robo calificado, que marc\u00f3 el primer incidente procesal de la nueva codificaci\u00f3n procesal en marcha.<\/p>\n<p>\u201cLa jueza dio lugar a la legalidad de la detenci\u00f3n\u201d, lo que implic\u00f3 \u201cinaugurar este nuevo proceso que tiene que ver con todo lo que significa el comienzo de la investigaci\u00f3n de una causa\u201d, manifest\u00f3.<\/p>\n<p>El funcionario explic\u00f3 que \u201cesto es motivo de una reforma que empez\u00f3 a partir de la 0 hora del d\u00eda 24. Justo me toc\u00f3 en suerte ser el acusador de turno y a la magistrada de turno y a la doctora Severo, la defensora de turno, en la jurisdicci\u00f3n\u201d.<\/p>\n<figure class=\"image\"><img decoding=\"async\" src=\"https:\/\/norte24cdn.eleco.com.ar\/media\/2024\/04\/fiscal.jpg\" alt=\"fiscal\" \/><figcaption>Fiscal Alejandro Rodr\u00edguez.<\/figcaption><\/figure>\n<figure class=\"image\"><img alt=\"\" \/><\/figure>\n<p><strong>Nueva y necesaria<\/strong><\/p>\n<p>Para poder explicar esta audiencia, hay que explicar c\u00f3mo era antes, hizo docencia el fiscal: \u201cAntes se deten\u00eda a una persona y dentro de las 72 horas deb\u00eda llamarse audiencia imputativa. Llevarlo ante un juez y hacer una audiencia imputativa. Si la defensa no estaba de acuerdo con las condiciones de detenci\u00f3n, pod\u00eda pedir un control de la detenci\u00f3n a la jueza de garant\u00edas o al juez de garant\u00edas, en este caso hoy una jueza. Entonces se hac\u00eda esta audiencia, ya la hac\u00edamos antes. Hoy el legislador lo que ha impuesto es la obligaci\u00f3n de hacerla s\u00ed o s\u00ed en todas las causas en las que una persona est\u00e9 privada de la libertad\u201d.<\/p>\n<p>Con relaci\u00f3n a los alcances del nuevo esquema, el Dr. Rodr\u00edguez indic\u00f3 que \u201choy tenemos esta audiencia como una audiencia obligatoria nueva, necesaria y obligatoria, como reci\u00e9n dec\u00eda, antes de la audiencia imputativa. Puede coincidir, vamos a suponer que yo hoy hubiese tenido todos los elementos para hacer la imputativa, se hac\u00eda la audiencia de control de detenci\u00f3n m\u00e1s la audiencia imputativa. Que se podr\u00eda hacer por el principio que se llama de concentraci\u00f3n procesal, que es hacer en un solo acto todas las audiencias. Y la de prisi\u00f3n preventiva tambi\u00e9n\u201d.<\/p>\n<blockquote class=\"twitter-tweet\">\n<p lang=\"es\" dir=\"ltr\">En Reconquista debut\u00f3 el nuevo control de legalidad de detenci\u00f3n<\/p>\n<p>Luego de la sanci\u00f3n de la reforma al C\u00f3digo Procesal Penal la variante de control de legalidad de la detenci\u00f3n debut\u00f3 el jueves en la provincia, en el marco de una causa por hurto y robo en Reconquista. <a href=\"https:\/\/t.co\/9MmHVnBACa\">pic.twitter.com\/9MmHVnBACa<\/a><\/p>\n<p>&mdash; @InfoVera (@infovera) <a href=\"https:\/\/twitter.com\/infovera\/status\/1783638570349052071?ref_src=twsrc%5Etfw\">April 25, 2024<\/a><\/p><\/blockquote>\n<p> <script async src=\"https:\/\/platform.twitter.com\/widgets.js\" charset=\"utf-8\"><\/script><\/p>\n<p><strong>Obligatorio<\/strong><\/p>\n<p>En forma ret\u00f3rica, inquiri\u00f3: &#8220;\u00bfQu\u00e9 es lo que dijo el legislador hoy? Se desdobla, de alguna manera se pone, para hablar en t\u00e9rminos pr\u00e1cticos, una audiencia m\u00e1s a las que antes exist\u00edan. Antes era optativo, si lo ped\u00eda la defensa, hoy es obligatorio hacer esta audiencia y dentro del plazo que ya no es m\u00e1s de 72 horas, sino de 96 horas o 15 d\u00edas prorrogable por otro igual en ambos casos; este \u00faltimo plazo de 15 d\u00edas cuando la investigaci\u00f3n es compleja, son m\u00e1s de un imputado, m\u00e1s de una v\u00edctima, o bueno, hubiere ribete de transnacionalidad\u201d<\/p>\n<p>El acusador valor\u00f3 que la novedad de control de la legalidad de la detenci\u00f3n \u201cimplica que la detenci\u00f3n no es un acto irreflexivo, caprichoso o voluntario solo de un fiscal. Un fiscal para detener tiene que tener en consideraci\u00f3n varias cosas. (\u2026) tiene que haber una investigaci\u00f3n en curso, tiene que haber una orden emitida por una autoridad competente, tiene que haber ver similitud de participaci\u00f3n del imputado en el hecho, y que haya posibilidad de entorpecimiento probatorio o fuga\u201d.<\/p>\n<p>&nbsp;<\/p>\n","protected":false},"excerpt":{"rendered":"<p>Luego de la sanci\u00f3n de la reforma al C\u00f3digo Procesal Penal de la provincia aprobada el 27 de marzo, que conllev\u00f3 la puesta en pr\u00e1ctica de nuevas herramientas para apuntalar la pol\u00edtica de seguridad de la actual gesti\u00f3n, la variante de control de legalidad de la detenci\u00f3n de personas debut\u00f3 en la jornada del jueves [&hellip;]<\/p>\n","protected":false},"author":3,"featured_media":44223,"comment_status":"closed","ping_status":"closed","sticky":false,"template":"","format":"standard","meta":{"_joinchat":[],"footnotes":""},"categories":[30,55,61],"tags":[],"class_list":{"0":"post-51697","1":"post","2":"type-post","3":"status-publish","4":"format-standard","5":"has-post-thumbnail","7":"category-policiales","8":"category-reconquista","9":"category-regionales"},"_links":{"self":[{"href":"https:\/\/infovera.com.ar\/web\/wp-json\/wp\/v2\/posts\/51697","targetHints":{"allow":["GET"]}}],"collection":[{"href":"https:\/\/infovera.com.ar\/web\/wp-json\/wp\/v2\/posts"}],"about":[{"href":"https:\/\/infovera.com.ar\/web\/wp-json\/wp\/v2\/types\/post"}],"author":[{"embeddable":true,"href":"https:\/\/infovera.com.ar\/web\/wp-json\/wp\/v2\/users\/3"}],"replies":[{"embeddable":true,"href":"https:\/\/infovera.com.ar\/web\/wp-json\/wp\/v2\/comments?post=51697"}],"version-history":[{"count":0,"href":"https:\/\/infovera.com.ar\/web\/wp-json\/wp\/v2\/posts\/51697\/revisions"}],"wp:featuredmedia":[{"embeddable":true,"href":"https:\/\/infovera.com.ar\/web\/wp-json\/wp\/v2\/media\/44223"}],"wp:attachment":[{"href":"https:\/\/infovera.com.ar\/web\/wp-json\/wp\/v2\/media?parent=51697"}],"wp:term":[{"taxonomy":"category","embeddable":true,"href":"https:\/\/infovera.com.ar\/web\/wp-json\/wp\/v2\/categories?post=51697"},{"taxonomy":"post_tag","embeddable":true,"href":"https:\/\/infovera.com.ar\/web\/wp-json\/wp\/v2\/tags?post=51697"}],"curies":[{"name":"wp","href":"https:\/\/api.w.org\/{rel}","templated":true}]}}