{"id":51674,"date":"2024-04-25T10:18:46","date_gmt":"2024-04-25T13:18:46","guid":{"rendered":"https:\/\/infovera.com.ar\/web\/?p=51674"},"modified":"2024-04-25T10:18:46","modified_gmt":"2024-04-25T13:18:46","slug":"dionisio-scarpin-convocamos-a-las-provincias-del-norte-para-reclamar-en-conjunto-la-reparacion-de-la-ruta-11","status":"publish","type":"post","link":"https:\/\/infovera.com.ar\/web\/2024\/04\/25\/dionisio-scarpin-convocamos-a-las-provincias-del-norte-para-reclamar-en-conjunto-la-reparacion-de-la-ruta-11\/","title":{"rendered":"Dionisio Scarpin: \u201cConvocamos a las provincias del norte para reclamar en conjunto la reparaci\u00f3n de la Ruta 11\u201d"},"content":{"rendered":"<p>El diputado provincial se reuni\u00f3 en el Congreso Nacional con los senadores de Santa Fe, Eduardo Galaretto, y de Chaco, V\u00edctor Zimmermann. \u201cEl estado de esta v\u00eda no solo afecta a los santafesinos, por eso es importante unir a todos los involucrados para reclamar la urgente reparaci\u00f3n\u201d, indic\u00f3.<\/p>\n<p>El diputado provincial Dionisio Scarpin se reuni\u00f3 este mi\u00e9rcoles en el Congreso de la Naci\u00f3n con los senadores nacionales de Santa Fe, Eduardo Galaretto; y de Chaco, Victor Zimmermann. El objetivo del encuentro fue coordinar acciones conjuntas para reclamar la urgente reparaci\u00f3n de la Ruta Nacional 11.<\/p>\n<p>\u201cEl estado de esta importante v\u00eda de comunicaci\u00f3n afecta a los santafesinos, pero tambi\u00e9n a las provincias del norte, que utilizan esta v\u00eda para trasladarse hacia el centro y sur del pa\u00eds, y adem\u00e1s para transportar su producci\u00f3n. Nos parece importante involucrar a todos los actores y sumar fuerzas al reclamo que venimos realizando desde hace a\u00f1os\u201d, afirm\u00f3 el legislador provincial.<\/p>\n<p>Dionisio Scarpin confirm\u00f3 el compromiso de los senadores nacionales a gestionar audiencias y recursos para el arreglo inmediato de la ruta. En ese sentido, cabe se\u00f1alar que el senador nacional Eduardo Galaretto present\u00f3 en el Congreso un proyecto de Ley que declara la \u201cEmergencia Vial\u201d para la Ruta Nacional N\u00ba 11. Seg\u00fan explic\u00f3, \u201cla iniciativa tiene como base el proyecto presentado por el senador Dionisio Scarpin en marzo del 2022, y que en esa oportunidad fue acompa\u00f1ado por los senadores Eduardo Vischi, Carolina Losada y Victor Zimmerman\u201d.<\/p>\n<p>\u201cEs muy grave el deterioro de la 11, estado que se viene agudizando sobre una traza vial que se encuentra pr\u00e1cticamente abandonada desde hace a\u00f1os\u201d, afirm\u00f3 Galaretto.<\/p>\n<p><strong>Otros temas<\/strong><\/p>\n<p>\u201cNos hab\u00edamos comprometido a seguir trabajando en el Senado de la Naci\u00f3n en temas que son de vital importancia para el norte santafesino. Por eso, tambi\u00e9n planteamos nuestra inquietud por el vencimiento del Fondo Algodonero en el mes de mayo\u201d, se\u00f1al\u00f3 Dionisio Scarpin.<\/p>\n<p>Adem\u00e1s, el diputado provincial insisti\u00f3 ante los senadores nacionales en la importancia de que esta zona de la provincia forme parte del Norte Grande.<\/p>\n","protected":false},"excerpt":{"rendered":"<p>El diputado provincial se reuni\u00f3 en el Congreso Nacional con los senadores de Santa Fe, Eduardo Galaretto, y de Chaco, V\u00edctor Zimmermann. \u201cEl estado de esta v\u00eda no solo afecta a los santafesinos, por eso es importante unir a todos los involucrados para reclamar la urgente reparaci\u00f3n\u201d, indic\u00f3. El diputado provincial Dionisio Scarpin se reuni\u00f3 [&hellip;]<\/p>\n","protected":false},"author":3,"featured_media":51675,"comment_status":"closed","ping_status":"closed","sticky":false,"template":"","format":"standard","meta":{"_joinchat":[],"footnotes":""},"categories":[60],"tags":[],"class_list":{"0":"post-51674","1":"post","2":"type-post","3":"status-publish","4":"format-standard","5":"has-post-thumbnail","7":"category-provinciales"},"_links":{"self":[{"href":"https:\/\/infovera.com.ar\/web\/wp-json\/wp\/v2\/posts\/51674","targetHints":{"allow":["GET"]}}],"collection":[{"href":"https:\/\/infovera.com.ar\/web\/wp-json\/wp\/v2\/posts"}],"about":[{"href":"https:\/\/infovera.com.ar\/web\/wp-json\/wp\/v2\/types\/post"}],"author":[{"embeddable":true,"href":"https:\/\/infovera.com.ar\/web\/wp-json\/wp\/v2\/users\/3"}],"replies":[{"embeddable":true,"href":"https:\/\/infovera.com.ar\/web\/wp-json\/wp\/v2\/comments?post=51674"}],"version-history":[{"count":0,"href":"https:\/\/infovera.com.ar\/web\/wp-json\/wp\/v2\/posts\/51674\/revisions"}],"wp:featuredmedia":[{"embeddable":true,"href":"https:\/\/infovera.com.ar\/web\/wp-json\/wp\/v2\/media\/51675"}],"wp:attachment":[{"href":"https:\/\/infovera.com.ar\/web\/wp-json\/wp\/v2\/media?parent=51674"}],"wp:term":[{"taxonomy":"category","embeddable":true,"href":"https:\/\/infovera.com.ar\/web\/wp-json\/wp\/v2\/categories?post=51674"},{"taxonomy":"post_tag","embeddable":true,"href":"https:\/\/infovera.com.ar\/web\/wp-json\/wp\/v2\/tags?post=51674"}],"curies":[{"name":"wp","href":"https:\/\/api.w.org\/{rel}","templated":true}]}}