{"id":51639,"date":"2024-04-23T09:45:49","date_gmt":"2024-04-23T12:45:49","guid":{"rendered":"https:\/\/infovera.com.ar\/web\/?p=51639"},"modified":"2024-04-23T14:09:30","modified_gmt":"2024-04-23T17:09:30","slug":"los-tres-poderes-del-estado-santafesino-se-sentaron-a-definir-lineamientos-para-avanzar-en-los-juicios-por-jurados","status":"publish","type":"post","link":"https:\/\/infovera.com.ar\/web\/2024\/04\/23\/los-tres-poderes-del-estado-santafesino-se-sentaron-a-definir-lineamientos-para-avanzar-en-los-juicios-por-jurados\/","title":{"rendered":"Los tres poderes del Estado santafesino se sentaron a definir lineamientos para avanzar en los juicios por jurados"},"content":{"rendered":"<p>Ariel Berm\u00fadez, uno de los principales defensores de la flamante Ley en la Legislatura, estuvo presente en la primera Mesa para la implementaci\u00f3n de Juicios por jurados.<\/p>\n<p>&#8220;Como legislador que trabaj\u00f3 mucho tiempo por esta ley, quiero destacar este hecho sin precedentes, acorde a los tiempos que corren y que celebramos, ya que refleja la necesidad de construir, desde distintas miradas, una mejor justicia para las y los santafesinos&#8221;, destac\u00f3 Berm\u00fadez.<\/p>\n<p>El encuentro se llev\u00f3 adelante esta tarde en el Sal\u00f3n Blanco de la Casa de Gobierno y cont\u00f3 con la presencia de Presidente de la Corte santafesina, Dr. Rafael Guti\u00e9rrez, la Fiscal General del MPA Ma. Cecilia Vranicich, representantes de los principales Colegios de Abogados de la provincia, decanos de las facultades de derecho de la UNR y UNR, autoridades y representantes del poder legislativo y del ejecutivo provincial, entre otros actores destacados.<\/p>\n<p>El acto estuvo encabezado por la vicegobernadora Gisela Scaglia; el ministro de Gobierno e Innovaci\u00f3n P\u00fablica, Fabi\u00e1n Bastia; y el ministro de Justicia y Seguridad, Pablo Cococcioni junto a funcionarios de sus respectivas carteras. Adem\u00e1s participaron el presidente de la Corte Suprema, Rafael Guti\u00e9rrez; la Fiscal General del Ministerio P\u00fablico de la Acusaci\u00f3n, Mar\u00eda Cecilia Vranicich y la defensora general, Estrella Moreno Robinson.<\/p>\n<p>El objetivo de esta primera mesa era lograr el consenso y delinear los detalles y las capacitaciones previas a la implementaci\u00f3n de esta nueva modalidad de juicios que se llevar\u00e1 adelante de manera progresiva y por circunscripciones en todo el territorio provincial.<\/p>\n<p><strong>Justicia y Seguridad<\/strong><\/p>\n<p>&#8220;Agradezco a todos los que de una manera u otra est\u00e1n involucrados en la implementaci\u00f3n de esta norma que se enmarca en un conjunto de leyes vinculadas a justicia y seguridad logradas en estos meses iniciales de nuestra gesti\u00f3n\u201d, asegur\u00f3 Bastia para luego recordar que con muchos de los presentes \u201cya hubo reuniones anteriores por otras medidas, como la implementaci\u00f3n de la Ley de Microtr\u00e1fico, que nos encontr\u00f3 ya en enero trabajando y poniendo esfuerzos en com\u00fan. Esa es una norma que ya est\u00e1 funcionando, aplic\u00e1ndose y con resultados altamente positivos&#8221;.<\/p>\n<p>Por su parte, Cococcioni indic\u00f3: &#8220;Cuando faltaba poco tiempo para asumir nos pareci\u00f3 prudente pedirle a los legisladores que estaban trabajando este proyecto, que pudieran devolver la iniciativa a comisi\u00f3n para estudio de la gesti\u00f3n entrante, porque tem\u00edamos asumir el gobierno el 11 de diciembre con una agenda r\u00edgida de implementaci\u00f3n que luego no pudi\u00e9ramos gestionar adecuadamente. Y en un gesto muy importante y que valoramos de la Legislatura en su conformaci\u00f3n anterior, as\u00ed se hizo. Se devolvi\u00f3 a comisiones, tomando a su vez el nuevo gobierno el compromiso de plantearlo con algunas revisiones&#8221;. En ese sentido, el Ministro de Justicia y Seguridad agreg\u00f3: \u201cTuvimos la oportunidad de revisarlo en el marco de la convocatoria a sesiones extraordinarias, donde se hab\u00eda planteado buena parte de -si se quiere-, el primer paquete de leyes propuestas por nuestra parte que ten\u00edan que ver m\u00e1s que nada con cuestiones de emergencia y atinentes a temas del sistema penal con impacto directo en la seguridad p\u00fablica&#8221;.<\/p>\n<p>A su turno, la fiscal Vranicich celebr\u00f3 \u201cesto que est\u00e1 ocurriendo porque en reiteradas oportunidades he dicho, en distintas mesas, con distintos objetivos, que una vez que hab\u00edamos implementado el sistema adversarial acusatorio lo que nos faltaba era la cereza del postre, y la cereza del postre era justamente el juicio por jurados. Entonces hoy estar aqu\u00ed sentada en el rol que me toca de Fiscal General es una enorme alegr\u00eda. En una provincia que est\u00e1 acostumbrada a implementar acciones en las que los tres poderes del Estado se sientan a dialogar, entiendo que con el juicio por jurados estamos en el mismo camino&#8221;.<\/p>\n<p>Por \u00faltimo, la defensora Moreno Robinson dijo que &#8220;desde la Defensa P\u00fablica estamos de acuerdo con la implementaci\u00f3n progresiva\u201d al tiempo que marc\u00f3 la necesidad de \u201crecursos humanos\u201d para su \u00e1rea. \u201cPor lo tanto deber\u00edamos definir en cu\u00e1l de las circunscripciones chicas se podr\u00eda aplicar el juicio por jurados en una primera etapa para que la ejecuci\u00f3n sea exitosa\u201d.<\/p>\n<p>\u201cY desde la capacitaci\u00f3n, por supuesto proponemos trabajar en conjunto con los colegios de abogados para todo lo relativo a la defensa. Tambi\u00e9n es importante tener capacitaciones conjuntas, con jueces, fiscales y defensores\u201d, subray\u00f3.<\/p>\n","protected":false},"excerpt":{"rendered":"<p>Ariel Berm\u00fadez, uno de los principales defensores de la flamante Ley en la Legislatura, estuvo presente en la primera Mesa para la implementaci\u00f3n de Juicios por jurados. &#8220;Como legislador que trabaj\u00f3 mucho tiempo por esta ley, quiero destacar este hecho sin precedentes, acorde a los tiempos que corren y que celebramos, ya que refleja la [&hellip;]<\/p>\n","protected":false},"author":3,"featured_media":51640,"comment_status":"closed","ping_status":"closed","sticky":false,"template":"","format":"standard","meta":{"_joinchat":[],"footnotes":""},"categories":[60],"tags":[],"class_list":{"0":"post-51639","1":"post","2":"type-post","3":"status-publish","4":"format-standard","5":"has-post-thumbnail","7":"category-provinciales"},"_links":{"self":[{"href":"https:\/\/infovera.com.ar\/web\/wp-json\/wp\/v2\/posts\/51639","targetHints":{"allow":["GET"]}}],"collection":[{"href":"https:\/\/infovera.com.ar\/web\/wp-json\/wp\/v2\/posts"}],"about":[{"href":"https:\/\/infovera.com.ar\/web\/wp-json\/wp\/v2\/types\/post"}],"author":[{"embeddable":true,"href":"https:\/\/infovera.com.ar\/web\/wp-json\/wp\/v2\/users\/3"}],"replies":[{"embeddable":true,"href":"https:\/\/infovera.com.ar\/web\/wp-json\/wp\/v2\/comments?post=51639"}],"version-history":[{"count":0,"href":"https:\/\/infovera.com.ar\/web\/wp-json\/wp\/v2\/posts\/51639\/revisions"}],"wp:featuredmedia":[{"embeddable":true,"href":"https:\/\/infovera.com.ar\/web\/wp-json\/wp\/v2\/media\/51640"}],"wp:attachment":[{"href":"https:\/\/infovera.com.ar\/web\/wp-json\/wp\/v2\/media?parent=51639"}],"wp:term":[{"taxonomy":"category","embeddable":true,"href":"https:\/\/infovera.com.ar\/web\/wp-json\/wp\/v2\/categories?post=51639"},{"taxonomy":"post_tag","embeddable":true,"href":"https:\/\/infovera.com.ar\/web\/wp-json\/wp\/v2\/tags?post=51639"}],"curies":[{"name":"wp","href":"https:\/\/api.w.org\/{rel}","templated":true}]}}