{"id":51611,"date":"2024-04-22T12:58:18","date_gmt":"2024-04-22T15:58:18","guid":{"rendered":"https:\/\/infovera.com.ar\/web\/?p=51611"},"modified":"2024-04-23T13:53:35","modified_gmt":"2024-04-23T16:53:35","slug":"caso-del-robo-de-mercaderias-imputaron-a-los-5-policias-viales-de-vera-y-cumpliran-prision-preventiva","status":"publish","type":"post","link":"https:\/\/infovera.com.ar\/web\/2024\/04\/22\/caso-del-robo-de-mercaderias-imputaron-a-los-5-policias-viales-de-vera-y-cumpliran-prision-preventiva\/","title":{"rendered":"Imputaron a los 5 polic\u00edas viales de Vera acusados por robar m\u00e1s de 3.000 latas de conservas"},"content":{"rendered":"<p>El fiscal Nicol\u00e1s Maglier les atribuy\u00f3 &#8211; conjuntamente con otro numerario de Avellaneda- los delitos en el marco de la causa que ya tiene imputado y preso a otro polic\u00eda y due\u00f1o de la vivienda donde fueron descargadas las latas de at\u00fan, choclo y frutilla que transportaba un cami\u00f3n siniestrado al sur de Reconquista.<\/p>\n<p>En una audiencia que presidi\u00f3 la jueza Clauida Bressan, en su rol de acusador el Dr. Maglier a imput\u00f3 J<strong>uan Jos\u00e9 Alfonso Ram\u00edrez, Alexis Joan Zambiasso, Emanuel Magneago,<\/strong>\u00a0<strong>Iv\u00e1n Alexis Lobos<\/strong> (defendidos por lo abogados Degumois, Baralke y Degumois (h)), <strong>Paula Bel\u00e9n V\u00e1zquez<\/strong> (representada por el abogado Gh\u00edo) y <strong>Micaela Acosta<\/strong> (cuyo apoderado legal fue el abogado Venetucci) como coautores penalmente responsables del delito de hurto doblemente calificado por ser en ocasi\u00f3n de un infortunio o del damnificado, hurto calamitoso y por ser sobre mercader\u00eda transportada.<\/p>\n<p>El funcionario del MPA agrav\u00f3 las calificaciones por la condici\u00f3n de miembros integrantes de la fuerza de seguridad en concurso ideal con abuso de autoridad, incumplimiento de los deberes de funcionario p\u00fablico y malversaci\u00f3n de caudales en efectos p\u00fablicos art\u00edculos.<\/p>\n<p>Sobre la totalidad de los acusados recay\u00f3 la medida cautelar de prisi\u00f3n preventiva sin plazos, aunque en el caso de las mujeres polic\u00edas V\u00e1zquez y Acosta la cumplir\u00e1n en modalidad domiciliaria por pedido de sus defensores y con la anuencia de la fiscal\u00eda en atenci\u00f3n a que ambas asisten a familiares que se encuentran con afecciones de salud.<\/p>\n<p><a href=\"https:\/\/infovera.com.ar\/web\/wp-content\/uploads\/2024\/04\/policias-imp.jpg\"><img loading=\"lazy\" decoding=\"async\" class=\"alignleft size-full wp-image-51616\" src=\"https:\/\/infovera.com.ar\/web\/wp-content\/uploads\/2024\/04\/policias-imp.jpg\" alt=\"\" width=\"1600\" height=\"1200\" srcset=\"https:\/\/infovera.com.ar\/web\/wp-content\/uploads\/2024\/04\/policias-imp.jpg 1600w, https:\/\/infovera.com.ar\/web\/wp-content\/uploads\/2024\/04\/policias-imp-696x522.jpg 696w, https:\/\/infovera.com.ar\/web\/wp-content\/uploads\/2024\/04\/policias-imp-1068x801.jpg 1068w, https:\/\/infovera.com.ar\/web\/wp-content\/uploads\/2024\/04\/policias-imp-560x420.jpg 560w, https:\/\/infovera.com.ar\/web\/wp-content\/uploads\/2024\/04\/policias-imp-80x60.jpg 80w, https:\/\/infovera.com.ar\/web\/wp-content\/uploads\/2024\/04\/policias-imp-265x198.jpg 265w\" sizes=\"auto, (max-width: 1600px) 100vw, 1600px\" \/><\/a><\/p>\n<p><strong>Provisorio<\/strong><\/p>\n<p>&#8220;Se realiz\u00f3 la audiencia imputativa, en primer t\u00e9rmino, que tiene correlato l\u00f3gicamente con la conducta que fuera atribuida el viernes a Peresson. Con la calificaci\u00f3n legal que es id\u00e9ntica, al menos en principio, aunque esto siempre es provisorio por la mutaci\u00f3n que puede surgir a partir de evidencia que se fuera colectando, que pudiese asignarle una mayor o menor participaci\u00f3n a alguno de ellos por sobre los otros. Por lo pronto, los hemos imputado en car\u00e1cter de coautores, por las figuras penales que ustedes ya conocen y que fuimos detallando el d\u00eda viernes&#8221;, consign\u00f3 el fiscal Maglier, una vez finalizadas las audencias.<\/p>\n<p>Es un hecho donde &#8220;b\u00e1sicamente y afortunadamente la mayor\u00eda de las diligencias l\u00f3gicamente fueron ya llevadas a cabo en funci\u00f3n de que hemos podido levantar las c\u00e1maras que ya han tenido una circulaci\u00f3n, se han difundido masivamente. Que ilustra c\u00f3mo fue la ocurrencia del hecho, de la misma manera hemos llevado a cabo prontamente el allanamiento con secuestro de mercader\u00edas, etc.&#8221;, agreg\u00f3.<\/p>\n<p>Enseguida, dijo que en funci\u00f3n de los distintos allanamientos, por lo cual troncalmente las medidas, las diligencias probatorias estar\u00edan efectuadas, es que hemos conseguido acordar una prisi\u00f3n preventiva con relevamiento de plazo.<\/p>\n<p><strong>&#8211; \u00bfPodr\u00eda haber m\u00e1s detenidos?<\/strong><\/p>\n<p>&#8211; Es de p\u00fablico y notorio es que el 17 de abril ocurri\u00f3 este incidente vehicular donde hubo dos camiones que volcaron, uno de ellos volc\u00f3 mercader\u00eda y mucha gente se hizo esa mercader\u00eda. Ahora bien, si bien ser\u00eda la misma causa, yo lo divido por hechos. O sea, hasta ahora habr\u00edamos terminado con lo que tiene que ver el tratamiento del hecho en cuya difusi\u00f3n, lo que tiene que ver con las im\u00e1genes hace que sea de conocimiento p\u00fablico, lo que no significa excluir que haya habido otras hip\u00f3tesis tambi\u00e9n de sustracci\u00f3n y de participaci\u00f3n de personal policial, por ejemplo.<\/p>\n<p><iframe loading=\"lazy\" title=\"Polic\u00eda vial fue detenido acusado de robar mercader\u00edas de un cami\u00f3n accidentado\" width=\"696\" height=\"392\" src=\"https:\/\/www.youtube.com\/embed\/DrMqREh3fMI?feature=oembed\" frameborder=\"0\" allow=\"accelerometer; autoplay; clipboard-write; encrypted-media; gyroscope; picture-in-picture; web-share\" referrerpolicy=\"strict-origin-when-cross-origin\" allowfullscreen><\/iframe><\/p>\n<p>Por eso lo quiero discriminar o dividir por hecho m\u00e1s all\u00e1 de que ser\u00eda la misma causa. En lo que tiene que ver con este hecho habr\u00edamos identificado ya la totalidad en principio y estar\u00edan todos imputados. Vamos a continuar en lo que tiene que ver con el relevamiento de c\u00e1maras que han sido pedidas, etc., con respecto a otros posibles funcionarios policiales intervinientes en otros grupos, en otras circunstancias. .<\/p>\n<p><strong>En conjunto<\/strong><\/p>\n<p>Los polic\u00edas viales fueron se\u00f1alados por &#8220;haber intervenido en forma conjunta con Peresson en el &#8220;desapoderamiento ileg\u00edtimo practicado en aprovechamiento del incidente vehicular registrado hacia la 1.10 de tal fecha que involucrara dos camiones&#8221;, uno de ellos con cuantiosa mercader\u00eda, vali\u00e9ndose de dos camionetas policiales abocadas a la prestaci\u00f3n de servicios p\u00fablicos de seguridad ciudadana donde cargaron las cajas para luego trasladarlas a la casa de Peresson.<\/p>\n<p>En ese domicilio se secuestr\u00f3 cerca de 3.000\u00a0latas de at\u00fan, frutillas enteras y choclo. Esos elementos obran como evidencia, al igual que los registros f\u00edlmicos de un domo de seguridad ubicado a metros de la casa allanada, en el barrio Loteo Las Lilas de Reconquista, y cuya instalaci\u00f3n por esas vueltas del destino hab\u00eda sido gestionada por el polic\u00eda vial Peresson en su rol de coordinador de un grupo de vecinos preocupados por la inseguridad.<\/p>\n","protected":false},"excerpt":{"rendered":"<p>El fiscal Nicol\u00e1s Maglier les atribuy\u00f3 &#8211; conjuntamente con otro numerario de Avellaneda- los delitos en el marco de la causa que ya tiene imputado y preso a otro polic\u00eda y due\u00f1o de la vivienda donde fueron descargadas las latas de at\u00fan, choclo y frutilla que transportaba un cami\u00f3n siniestrado al sur de Reconquista. En [&hellip;]<\/p>\n","protected":false},"author":3,"featured_media":51612,"comment_status":"closed","ping_status":"closed","sticky":false,"template":"","format":"standard","meta":{"_joinchat":[],"footnotes":""},"categories":[30,55,61],"tags":[],"class_list":{"0":"post-51611","1":"post","2":"type-post","3":"status-publish","4":"format-standard","5":"has-post-thumbnail","7":"category-policiales","8":"category-reconquista","9":"category-regionales"},"_links":{"self":[{"href":"https:\/\/infovera.com.ar\/web\/wp-json\/wp\/v2\/posts\/51611","targetHints":{"allow":["GET"]}}],"collection":[{"href":"https:\/\/infovera.com.ar\/web\/wp-json\/wp\/v2\/posts"}],"about":[{"href":"https:\/\/infovera.com.ar\/web\/wp-json\/wp\/v2\/types\/post"}],"author":[{"embeddable":true,"href":"https:\/\/infovera.com.ar\/web\/wp-json\/wp\/v2\/users\/3"}],"replies":[{"embeddable":true,"href":"https:\/\/infovera.com.ar\/web\/wp-json\/wp\/v2\/comments?post=51611"}],"version-history":[{"count":0,"href":"https:\/\/infovera.com.ar\/web\/wp-json\/wp\/v2\/posts\/51611\/revisions"}],"wp:featuredmedia":[{"embeddable":true,"href":"https:\/\/infovera.com.ar\/web\/wp-json\/wp\/v2\/media\/51612"}],"wp:attachment":[{"href":"https:\/\/infovera.com.ar\/web\/wp-json\/wp\/v2\/media?parent=51611"}],"wp:term":[{"taxonomy":"category","embeddable":true,"href":"https:\/\/infovera.com.ar\/web\/wp-json\/wp\/v2\/categories?post=51611"},{"taxonomy":"post_tag","embeddable":true,"href":"https:\/\/infovera.com.ar\/web\/wp-json\/wp\/v2\/tags?post=51611"}],"curies":[{"name":"wp","href":"https:\/\/api.w.org\/{rel}","templated":true}]}}