{"id":51496,"date":"2024-04-18T20:35:28","date_gmt":"2024-04-18T23:35:28","guid":{"rendered":"https:\/\/infovera.com.ar\/web\/?p=51496"},"modified":"2024-04-19T09:58:30","modified_gmt":"2024-04-19T12:58:30","slug":"detuvieron-a-un-agente-vial-y-hay-cinco-mas-en-la-mira-por-rapinar-mercaderias-en-un-accidente","status":"publish","type":"post","link":"https:\/\/infovera.com.ar\/web\/2024\/04\/18\/detuvieron-a-un-agente-vial-y-hay-cinco-mas-en-la-mira-por-rapinar-mercaderias-en-un-accidente\/","title":{"rendered":"Detuvieron a un agente vial y hay cinco m\u00e1s en la mira por rapi\u00f1ar mercader\u00edas en un accidente"},"content":{"rendered":"<p>Polic\u00edas saqueadores en Reconquista. Un esc\u00e1ndalo de proporciones envuelve a la fuerza de control caminero provincial. El accionar delictivo qued\u00f3 filmado por un domo de seguridad.<\/p>\n<p>Un numerario policial de Direcci\u00f3n Provincial de Seguridad Vial permanec\u00eda detenido al caer la noche del jueves, acusado de haber robado numerosas mercader\u00edas de la escena de un accidente en la que un cami\u00f3n volc\u00f3 en los primeros minutos de la madrugada del mi\u00e9rcoles en la ruta nacional 11, frente a la III Brigada A\u00e9rea, al sur de Reconquista.<\/p>\n<p><iframe loading=\"lazy\" title=\"Polic\u00eda vial fue detenido acusado de robar mercader\u00edas de un cami\u00f3n accidentado\" width=\"696\" height=\"392\" src=\"https:\/\/www.youtube.com\/embed\/DrMqREh3fMI?feature=oembed\" frameborder=\"0\" allow=\"accelerometer; autoplay; clipboard-write; encrypted-media; gyroscope; picture-in-picture; web-share\" referrerpolicy=\"strict-origin-when-cross-origin\" allowfullscreen><\/iframe><\/p>\n<p>Ese d\u00eda, dos camiones colisionaron en el punto ubicado a pocos kil\u00f3metros de la cuadr\u00edcula urbana reconquistense. Uno de ellos transportaba conservas enlatadas, carga que a causa del choque qued\u00f3 desperdigada por el suelo.<\/p>\n<p>Al tomar nota, con las primeras luces del d\u00eda y con el chofer internado por lesiones, vecinos del barrio lindero saquearon las latas de at\u00fan, arvejas, choclo y pulpa de frutilla que se utiliza para preparar tragos.<\/p>\n<p>Fue la novedad del d\u00eda que gan\u00f3 espacio en medios locales, regionales y provinciales. Nadie alcanz\u00f3 a imaginar en ese momento que el caso tendr\u00eda un giro llamativo, escandaloso y de mayor gravedad delictiva.<\/p>\n<p><a href=\"https:\/\/infovera.com.ar\/web\/wp-content\/uploads\/2024\/04\/merca-polis.png\"><img loading=\"lazy\" decoding=\"async\" class=\"alignleft size-full wp-image-51497\" src=\"https:\/\/infovera.com.ar\/web\/wp-content\/uploads\/2024\/04\/merca-polis.png\" alt=\"\" width=\"958\" height=\"512\" srcset=\"https:\/\/infovera.com.ar\/web\/wp-content\/uploads\/2024\/04\/merca-polis.png 958w, https:\/\/infovera.com.ar\/web\/wp-content\/uploads\/2024\/04\/merca-polis-696x372.png 696w, https:\/\/infovera.com.ar\/web\/wp-content\/uploads\/2024\/04\/merca-polis-786x420.png 786w\" sizes=\"auto, (max-width: 958px) 100vw, 958px\" \/><\/a><\/p>\n<p><strong>Impunidad<\/strong><\/p>\n<p>Es que ni bien corrieron las horas y los camiones quedaron abandonados en la zona del siniestro, polic\u00edas viales del escuadr\u00f3n Reconquista se valieron de las sombras de la noche, de sus puestos y uniformes, de la indefensi\u00f3n del responsable de la carga alojado en una pieza del Hospital Central, y del m\u00f3vil policial que manejaban para sustraer los elementos comestibles y transportarlos a la casa de uno de ellos.<\/p>\n<p>Con la imprudencia que da la impunidad, el polic\u00eda vial Hern\u00e1n Nahuel Peresson, de 36 a\u00f1os, llev\u00f3 las cajas a su domicilio situado en el Loteo \u201cLas Lilas\u201d, tambi\u00e9n zona sur de la ciudad, acompa\u00f1ado por sus pares. Pero la mala suerte le jugar\u00eda una mala pasada: fue captado por el domo de seguridad instalado en una esquina, que fuera adquirido por los vecinos del barrio entre los que figura \u00e9l mismo.<\/p>\n<p>La paradoja le saldr\u00e1 cara. En la ma\u00f1ana del viernes ser\u00e1 imputado por el hecho contra la propiedad, agravado por su condici\u00f3n de empleado de seguridad, entre otros calificantes que le atribuir\u00e1 la fiscal\u00eda, desde donde se confirm\u00f3 a este medio que \u201cen la casa del detenido se secuestr\u00f3 importante cantidad de mercader\u00eda\u201d.<\/p>\n<p>En el video captado por la c\u00e1mara de seguridad que se viraliz\u00f3 puede observarse a los viales, muy sueltos de cuerpo, ingresar dos camionetas a la vivienda de Peress\u00f3n repletas del mot\u00edn con el que se alzaron.<\/p>\n<p><strong>Otros m\u00e1s\u00a0<\/strong><\/p>\n<p>A la par, se esperaban las \u00f3rdenes de detenci\u00f3n para otros cinco efectivos viales, igualmente involucrados en esta violaci\u00f3n grupal de la ley penal.<\/p>\n<p>Peresson fue alojado preventivamente en la dependencia policial de Malabrigo a a la espera de ser encartado por los delitos por los que perdi\u00f3 el estado de libertad.<\/p>\n<p>Las actuaciones fueron llevadas adelante por personal de la PDI..<\/p>\n<p>El caso caus\u00f3 revuelo dentro de las filas policiales.Al punto que desde la Unidad Regional IX se aclar\u00f3 off de r\u00e9cord que la Polic\u00eda de Seguridad Vial forma parte de una direcci\u00f3n provincial totalmente ajena y apartada de la fuerza que brinda seguridad en pueblos y ciudades de la provincia. \u201cNo queremos que nos metan a todos en el mismo lazo\u201d, se defendieron.<\/p>\n","protected":false},"excerpt":{"rendered":"<p>Polic\u00edas saqueadores en Reconquista. Un esc\u00e1ndalo de proporciones envuelve a la fuerza de control caminero provincial. El accionar delictivo qued\u00f3 filmado por un domo de seguridad. Un numerario policial de Direcci\u00f3n Provincial de Seguridad Vial permanec\u00eda detenido al caer la noche del jueves, acusado de haber robado numerosas mercader\u00edas de la escena de un accidente [&hellip;]<\/p>\n","protected":false},"author":3,"featured_media":51498,"comment_status":"closed","ping_status":"closed","sticky":false,"template":"","format":"standard","meta":{"_joinchat":[],"footnotes":""},"categories":[30,55,61],"tags":[],"class_list":{"0":"post-51496","1":"post","2":"type-post","3":"status-publish","4":"format-standard","5":"has-post-thumbnail","7":"category-policiales","8":"category-reconquista","9":"category-regionales"},"_links":{"self":[{"href":"https:\/\/infovera.com.ar\/web\/wp-json\/wp\/v2\/posts\/51496","targetHints":{"allow":["GET"]}}],"collection":[{"href":"https:\/\/infovera.com.ar\/web\/wp-json\/wp\/v2\/posts"}],"about":[{"href":"https:\/\/infovera.com.ar\/web\/wp-json\/wp\/v2\/types\/post"}],"author":[{"embeddable":true,"href":"https:\/\/infovera.com.ar\/web\/wp-json\/wp\/v2\/users\/3"}],"replies":[{"embeddable":true,"href":"https:\/\/infovera.com.ar\/web\/wp-json\/wp\/v2\/comments?post=51496"}],"version-history":[{"count":0,"href":"https:\/\/infovera.com.ar\/web\/wp-json\/wp\/v2\/posts\/51496\/revisions"}],"wp:featuredmedia":[{"embeddable":true,"href":"https:\/\/infovera.com.ar\/web\/wp-json\/wp\/v2\/media\/51498"}],"wp:attachment":[{"href":"https:\/\/infovera.com.ar\/web\/wp-json\/wp\/v2\/media?parent=51496"}],"wp:term":[{"taxonomy":"category","embeddable":true,"href":"https:\/\/infovera.com.ar\/web\/wp-json\/wp\/v2\/categories?post=51496"},{"taxonomy":"post_tag","embeddable":true,"href":"https:\/\/infovera.com.ar\/web\/wp-json\/wp\/v2\/tags?post=51496"}],"curies":[{"name":"wp","href":"https:\/\/api.w.org\/{rel}","templated":true}]}}