{"id":51415,"date":"2024-04-16T18:44:33","date_gmt":"2024-04-16T21:44:33","guid":{"rendered":"https:\/\/infovera.com.ar\/web\/?p=51415"},"modified":"2024-04-16T18:44:33","modified_gmt":"2024-04-16T21:44:33","slug":"estudiantes-suman-descuentos-beneficios-y-promociones-con-la-tarjeta-estudiantil","status":"publish","type":"post","link":"https:\/\/infovera.com.ar\/web\/2024\/04\/16\/estudiantes-suman-descuentos-beneficios-y-promociones-con-la-tarjeta-estudiantil\/","title":{"rendered":"Estudiantes suman descuentos, beneficios y promociones con la Tarjeta Estudiantil"},"content":{"rendered":"<p>La ma\u00f1ana del martes tuvo como hecho sobresaliente en Reconquista el relanzamiento de la \u201cTarjeta Estudiantil\u201d, la iniciativa de beneficios, descuentos y promociones en comercios y servicios de la ciudad que coordina la Secretar\u00eda de Desarrollo a trav\u00e9s de su Direcci\u00f3n de Educaci\u00f3n,<\/p>\n<p>El acto de presentaci\u00f3n fue realizado en las instalaciones del CIC de Barrio Am\u00e9rica y estuvo presidido por la secretaria de Desarrollo Humano, Lic. Mar\u00eda Hayd\u00e9e Maggio, y el secretario General, Lic. Guillermo Romero Mansur, acompa\u00f1ados por la directora de Educaci\u00f3n, Lic. Carolina Gonz\u00e1lez, un representante de los estudiantes y una comerciante de la ciudad.<\/p>\n<p>En primer lugar, la titular del \u00e1rea social del municipio agradeci\u00f3 a los equipos de trabajo por el compromiso y esfuerzo puesto de manifiesto para lograr la edici\u00f3n 2024 de la TE. Al mismo tiempo, Maggio que se\u00f1al\u00f3 que \u201ca las cosas buenas hay que continuarlas, y la Tarjeta Estudiantil, escuchando testimonios de comerciantes y alumnos, fue un buen proyecto, debemos seguir impuls\u00e1ndolo con las instituciones, que son las que escuchan a los alumnos, y ellos nos dicen qu\u00e9 quieren estudiar, pero no es todo pedagog\u00eda\u2026 tambi\u00e9n tienen que comer, tener recreaci\u00f3n, hacer fotocopias, etc\u201d.<\/p>\n<p>Acto seguido, compartieron su experiencia con la Tarjeta Estudiantil el alumno de la UTN Walter Delb\u00f3n y la comerciante Daniela Guti\u00e9rrez. \u201cPara ser honesto, al principio no le ten\u00eda mucha fe a la tarjeta, pero ha sido de much\u00edsima ayuda y la verdad es que me ha permitido acceder a muchos descuentos y ahorrar en varios comercios de Reconquista\u201d, coment\u00f3 el estudiante. A su turno, Daniela asegur\u00f3 que su experiencia con la tarjeta fue \u201cpositiva. Me favoreci\u00f3 en cuanto a las ventas ya que en mi rubro las chicas estudiantes de ese segmento son muy decididas para comprarse ropa y el beneficio aument\u00f3 las ventas. Por eso voy a renovar mi compromiso, porque como comerciante me favoreci\u00f3\u201d.<\/p>\n<p>En tren de abordar la parte operativa, la directora de Educaci\u00f3n, Lic. Carolina Gonz\u00e1lez, coment\u00f3 que \u201csi bien sabemos que algunas transformaciones tienen que ser estructurales y requieren un mont\u00f3n de recursos en movimiento, tambi\u00e9n con el equipo de trabajo pens\u00e1bamos que hay otras opciones, donde generando intercambio y poniendo en movimiento lo que ya tiene nuestra ciudad, y queriendo reivindicarla como el Polo Educativo que es, pero tambi\u00e9n como un lugar de desarrollo comercial, surge este proyecto que el a\u00f1o pasado arranc\u00f3 como una prueba piloto, donde sumamos muchos comercios y se fueron sumando muchos estudiantes y como sali\u00f3 bien decidimos relanzarla&#8221;<\/p>\n<p>\u201c\u00bfY por qu\u00e9 es un relanzamiento?\u201d, se pregunt\u00f3 la funcionaria, para responder: &#8220;Porque este a\u00f1o es digital, porque se renovaron los comercios, los lugares y porque queremos que llegue a toda la poblaci\u00f3n de Reconquista con m\u00e1s accesos a los distintos comercios y servicios\u201d.<\/p>\n<p>Polo educativo<\/p>\n<p>Por \u00faltimo, Romero Mansur destac\u00f3 a Reconquista como \u201cun polo de desarrollo educativo que no solamente tiene el beneficio de generar mayor calidad intelectual, sino que tambi\u00e9n est\u00e1 \u00edntimamente relacionado con el desarrollo econ\u00f3mico de Reconquista y de toda la regi\u00f3n. Y es all\u00ed, en esa definici\u00f3n de Reconquista, que nuestro intendente nos est\u00e1 pidiendo permanentemente que el Estado tiene que estar presente como gran articulador para acompa\u00f1ar ese crecimiento tanto intelectual como tambi\u00e9n econ\u00f3mico&#8221;.<\/p>\n<p>El secretario General del gobierno local agreg\u00f3: &#8220;Es decir, el Estado como gran articulador por las externalidades positivas que genera una buena pol\u00edtica p\u00fablica dise\u00f1ada y ejecutada, en este caso con los estudiantes y las otras casas de estudio, articulando a trav\u00e9s de sus cuerpos de estudiantes y de los centros de estudiantes tambi\u00e9n un beneficio directo al bolsillo\u201d.<\/p>\n<p>El programa Tarjeta Estudiantil consiste en un sistema de descuentos y promociones en comercios y servicios destinados a estudiantes de la ciudad, pensado como estrategia de inclusi\u00f3n socioeducativa, cultural y recreativa, cuyos requisitos para acceder est\u00e1n dados por cursar una carrera de nivel superior y tener domicilio o bien estar alquilando en la ciudad de Reconquista.<\/p>\n","protected":false},"excerpt":{"rendered":"<p>La ma\u00f1ana del martes tuvo como hecho sobresaliente en Reconquista el relanzamiento de la \u201cTarjeta Estudiantil\u201d, la iniciativa de beneficios, descuentos y promociones en comercios y servicios de la ciudad que coordina la Secretar\u00eda de Desarrollo a trav\u00e9s de su Direcci\u00f3n de Educaci\u00f3n, El acto de presentaci\u00f3n fue realizado en las instalaciones del CIC de [&hellip;]<\/p>\n","protected":false},"author":3,"featured_media":51416,"comment_status":"closed","ping_status":"closed","sticky":false,"template":"","format":"standard","meta":{"_joinchat":[],"footnotes":""},"categories":[55,61],"tags":[],"class_list":{"0":"post-51415","1":"post","2":"type-post","3":"status-publish","4":"format-standard","5":"has-post-thumbnail","7":"category-reconquista","8":"category-regionales"},"_links":{"self":[{"href":"https:\/\/infovera.com.ar\/web\/wp-json\/wp\/v2\/posts\/51415","targetHints":{"allow":["GET"]}}],"collection":[{"href":"https:\/\/infovera.com.ar\/web\/wp-json\/wp\/v2\/posts"}],"about":[{"href":"https:\/\/infovera.com.ar\/web\/wp-json\/wp\/v2\/types\/post"}],"author":[{"embeddable":true,"href":"https:\/\/infovera.com.ar\/web\/wp-json\/wp\/v2\/users\/3"}],"replies":[{"embeddable":true,"href":"https:\/\/infovera.com.ar\/web\/wp-json\/wp\/v2\/comments?post=51415"}],"version-history":[{"count":0,"href":"https:\/\/infovera.com.ar\/web\/wp-json\/wp\/v2\/posts\/51415\/revisions"}],"wp:featuredmedia":[{"embeddable":true,"href":"https:\/\/infovera.com.ar\/web\/wp-json\/wp\/v2\/media\/51416"}],"wp:attachment":[{"href":"https:\/\/infovera.com.ar\/web\/wp-json\/wp\/v2\/media?parent=51415"}],"wp:term":[{"taxonomy":"category","embeddable":true,"href":"https:\/\/infovera.com.ar\/web\/wp-json\/wp\/v2\/categories?post=51415"},{"taxonomy":"post_tag","embeddable":true,"href":"https:\/\/infovera.com.ar\/web\/wp-json\/wp\/v2\/tags?post=51415"}],"curies":[{"name":"wp","href":"https:\/\/api.w.org\/{rel}","templated":true}]}}