{"id":51395,"date":"2024-04-16T08:21:23","date_gmt":"2024-04-16T11:21:23","guid":{"rendered":"https:\/\/infovera.com.ar\/web\/?p=51395"},"modified":"2024-04-16T08:21:23","modified_gmt":"2024-04-16T11:21:23","slug":"chiqui-rojas-presento-la-primera-convocatoria-al-programa-fondo-estudiantil","status":"publish","type":"post","link":"https:\/\/infovera.com.ar\/web\/2024\/04\/16\/chiqui-rojas-presento-la-primera-convocatoria-al-programa-fondo-estudiantil\/","title":{"rendered":"Chiqui Rojas present\u00f3 la primera convocatoria al programa Fondo Estudiantil"},"content":{"rendered":"<p>Este lunes, el diputado provincial Sergio Chiqui Rojas firm\u00f3 un acta con instituciones educativas de Vera para otorgar apoyo econ\u00f3mico a estudiantes del nivel superior.<\/p>\n<p>Durante la presentaci\u00f3n, Rojas manifest\u00f3 que \u201cestamos muy felices de poder lanzar este programa, y muy agradecidos con los I.S.P.I. N\u00b0 4019 y 4007 y el Colegio Superior N\u00b0 42 por acompa\u00f1arnos en esta iniciativa que busca acompa\u00f1ar la trayectoria de estudiantes de nivel superior con dificultades socio econ\u00f3micas para solventar materiales de estudio. Lo que buscamos es que los chicos y chicas puedan seguir estudiando a pesar de la dif\u00edcil situaci\u00f3n econ\u00f3mica.\u201d<\/p>\n<p>Sobre el programa, Rojas explic\u00f3 que \u201ccada instituci\u00f3n seleccionar\u00e1 15 estudiantes, quienes recibir\u00e1n una ayuda de $15.000 durante 4 meses, para libros, fotocopias, cuotas, etc. Los interesados pueden completar el formulario y presentar la documentaci\u00f3n correspondiente en la instituci\u00f3n a la que concurran.\u201d<\/p>\n<p>El diputado coment\u00f3 que a partir del martes 16 de abril estar\u00e1 abierta la convocatoria, hasta el 1\u00b0 de mayo inclusive, y agreg\u00f3 que, para ser elegidos como beneficiarios, \u201clos estudiantes deben comprometerse a participar de alguna actividad solidaria, que estaremos acordando con las instituciones educativas. Nos parece muy interesante que los chicos y chicas puedan involucrarse en este tipo de actividades, fomentar la solidaridad y colaborar con toda la comunidad.<\/p>\n<p>Otra cuesti\u00f3n que quiero remarcar es la transparencia del proceso de selecci\u00f3n, ya que son las instituciones las que van a seleccionar a los beneficiarios en base a diferentes criterios.<\/p>\n<p>Por \u00faltimo destac\u00f3 &#8220;Es muy importante destacar el crecimiento de las matriculas en los institutos locales y acompa\u00f1ar ese proceso desde el lugar que me toca, en este caso acompa\u00f1ando a los y las estudiantes.&#8221;<\/p>\n","protected":false},"excerpt":{"rendered":"<p>Este lunes, el diputado provincial Sergio Chiqui Rojas firm\u00f3 un acta con instituciones educativas de Vera para otorgar apoyo econ\u00f3mico a estudiantes del nivel superior. Durante la presentaci\u00f3n, Rojas manifest\u00f3 que \u201cestamos muy felices de poder lanzar este programa, y muy agradecidos con los I.S.P.I. N\u00b0 4019 y 4007 y el Colegio Superior N\u00b0 42 [&hellip;]<\/p>\n","protected":false},"author":3,"featured_media":51396,"comment_status":"closed","ping_status":"closed","sticky":false,"template":"","format":"standard","meta":{"_joinchat":[],"footnotes":""},"categories":[53],"tags":[],"class_list":{"0":"post-51395","1":"post","2":"type-post","3":"status-publish","4":"format-standard","5":"has-post-thumbnail","7":"category-vera"},"_links":{"self":[{"href":"https:\/\/infovera.com.ar\/web\/wp-json\/wp\/v2\/posts\/51395","targetHints":{"allow":["GET"]}}],"collection":[{"href":"https:\/\/infovera.com.ar\/web\/wp-json\/wp\/v2\/posts"}],"about":[{"href":"https:\/\/infovera.com.ar\/web\/wp-json\/wp\/v2\/types\/post"}],"author":[{"embeddable":true,"href":"https:\/\/infovera.com.ar\/web\/wp-json\/wp\/v2\/users\/3"}],"replies":[{"embeddable":true,"href":"https:\/\/infovera.com.ar\/web\/wp-json\/wp\/v2\/comments?post=51395"}],"version-history":[{"count":0,"href":"https:\/\/infovera.com.ar\/web\/wp-json\/wp\/v2\/posts\/51395\/revisions"}],"wp:featuredmedia":[{"embeddable":true,"href":"https:\/\/infovera.com.ar\/web\/wp-json\/wp\/v2\/media\/51396"}],"wp:attachment":[{"href":"https:\/\/infovera.com.ar\/web\/wp-json\/wp\/v2\/media?parent=51395"}],"wp:term":[{"taxonomy":"category","embeddable":true,"href":"https:\/\/infovera.com.ar\/web\/wp-json\/wp\/v2\/categories?post=51395"},{"taxonomy":"post_tag","embeddable":true,"href":"https:\/\/infovera.com.ar\/web\/wp-json\/wp\/v2\/tags?post=51395"}],"curies":[{"name":"wp","href":"https:\/\/api.w.org\/{rel}","templated":true}]}}