{"id":51284,"date":"2024-04-11T20:18:05","date_gmt":"2024-04-11T23:18:05","guid":{"rendered":"https:\/\/infovera.com.ar\/web\/?p=51284"},"modified":"2024-04-12T11:43:57","modified_gmt":"2024-04-12T14:43:57","slug":"se-conformo-la-mesa-de-seguridad-rural-con-entidades-productivas","status":"publish","type":"post","link":"https:\/\/infovera.com.ar\/web\/2024\/04\/11\/se-conformo-la-mesa-de-seguridad-rural-con-entidades-productivas\/","title":{"rendered":"Se conform\u00f3 la Mesa de Seguridad Rural con Entidades Productivas"},"content":{"rendered":"<p>Fue en un encuentro encabezado por los ministros de Desarrollo Productivo y de Justicia y Seguridad, junto con representantes de Coninagro, Carsfe y la Federaci\u00f3n Agraria. Se trazaron l\u00edneas de trabajo y se propuso la conformaci\u00f3n de mesas locales.<\/p>\n<p>Los ministros de Desarrollo Productivo, Gustavo Puccini, y de Justicia y Seguridad, Pablo Cococcioni, encabezaron este jueves la conformaci\u00f3n de la Mesa de Seguridad Rural con Entidades Productivas. La actividad se llev\u00f3 a cabo en la Sala Rodolfo Walsh de la sede de Gobernaci\u00f3n en Rosario y participaron representantes de la Confederaci\u00f3n Intercooperativa Agropecuaria Limitada (Coninagro), la Confederaci\u00f3n de Asociaciones Rurales de Santa Fe (Carsfe) y la Federaci\u00f3n Agraria.<\/p>\n<p>Luego del encuentro, Puccini precis\u00f3 que \u201cen esta primera reuni\u00f3n escuchamos las demandas que la seguridad rural tiene en todo el territorio de la provincia. Hicimos un diagn\u00f3stico de los departamentos y los delitos que se han cometido, sean de hurto, robos o abigeato\u201d.<\/p>\n<p>\u201cLo m\u00e1s importante -continu\u00f3-, fue que establecimos un protocolo de trabajo para comenzar a hacerlo en conjunto con las mesas de cada uno de los departamentos y conformar equipos que aborden el delito. Adem\u00e1s, buscamos trabajar en conjunto con los fiscales del Ministerio P\u00fablico de la Acusaci\u00f3n y con los presidentes comunales e intendentes para reforzar y ayudar con los controles sanitarios\u201d.<\/p>\n<p>El ministro de Desarrollo Productivo detall\u00f3 que esta Mesa de Seguridad Rural \u201cimplica hacer un seguimiento mensual con datos. Por eso es muy importante que las denuncias se realicen y puedan ser esclarecidas\u201d.<\/p>\n<p>En tanto, el secretario de Seguridad P\u00fablica, Omar Pereira, indic\u00f3 que \u201cretomamos el di\u00e1logo con las entidades rurales sobre la problem\u00e1tica de la inseguridad. Una situaci\u00f3n que var\u00eda en toda la provincia debido a nuestra extensi\u00f3n y la situaci\u00f3n de la polic\u00eda de la seguridad rural Los Pumas\u201d.<\/p>\n<p>Por otro lado, el secretario de Agricultura y Ganader\u00eda, Ignacio Mantaras, puntualiz\u00f3 que \u201cfue un encuentro muy positivo para trabajar con cada una de las entidades y conformar una mesa de trabajo a nivel provincial. Pretendemos tambi\u00e9n replicar mesas a escala local, con actores locales, que estemos en permanente contacto. Tenemos un diagn\u00f3stico com\u00fan sobre el delito rural. Ahora queremos hacer hincapi\u00e9 en el dato, por eso es muy importante que un productor que sufre un il\u00edcito crea en el sistema y realice la denuncia\u201d.<\/p>\n<p>Por \u00faltimo, Sara Gardiol, de Carsfe, explic\u00f3 que \u201cla seguridad rural es muy importante porque hace al arraigo de las familias, al desarrollo e incremento de la productividad y a la seguridad alimenticia que llega a toda la poblaci\u00f3n\u201d.<\/p>\n","protected":false},"excerpt":{"rendered":"<p>Fue en un encuentro encabezado por los ministros de Desarrollo Productivo y de Justicia y Seguridad, junto con representantes de Coninagro, Carsfe y la Federaci\u00f3n Agraria. Se trazaron l\u00edneas de trabajo y se propuso la conformaci\u00f3n de mesas locales. Los ministros de Desarrollo Productivo, Gustavo Puccini, y de Justicia y Seguridad, Pablo Cococcioni, encabezaron este [&hellip;]<\/p>\n","protected":false},"author":3,"featured_media":51285,"comment_status":"closed","ping_status":"closed","sticky":false,"template":"","format":"standard","meta":{"_joinchat":[],"footnotes":""},"categories":[60],"tags":[],"class_list":{"0":"post-51284","1":"post","2":"type-post","3":"status-publish","4":"format-standard","5":"has-post-thumbnail","7":"category-provinciales"},"_links":{"self":[{"href":"https:\/\/infovera.com.ar\/web\/wp-json\/wp\/v2\/posts\/51284","targetHints":{"allow":["GET"]}}],"collection":[{"href":"https:\/\/infovera.com.ar\/web\/wp-json\/wp\/v2\/posts"}],"about":[{"href":"https:\/\/infovera.com.ar\/web\/wp-json\/wp\/v2\/types\/post"}],"author":[{"embeddable":true,"href":"https:\/\/infovera.com.ar\/web\/wp-json\/wp\/v2\/users\/3"}],"replies":[{"embeddable":true,"href":"https:\/\/infovera.com.ar\/web\/wp-json\/wp\/v2\/comments?post=51284"}],"version-history":[{"count":0,"href":"https:\/\/infovera.com.ar\/web\/wp-json\/wp\/v2\/posts\/51284\/revisions"}],"wp:featuredmedia":[{"embeddable":true,"href":"https:\/\/infovera.com.ar\/web\/wp-json\/wp\/v2\/media\/51285"}],"wp:attachment":[{"href":"https:\/\/infovera.com.ar\/web\/wp-json\/wp\/v2\/media?parent=51284"}],"wp:term":[{"taxonomy":"category","embeddable":true,"href":"https:\/\/infovera.com.ar\/web\/wp-json\/wp\/v2\/categories?post=51284"},{"taxonomy":"post_tag","embeddable":true,"href":"https:\/\/infovera.com.ar\/web\/wp-json\/wp\/v2\/tags?post=51284"}],"curies":[{"name":"wp","href":"https:\/\/api.w.org\/{rel}","templated":true}]}}