{"id":51281,"date":"2024-04-11T20:15:23","date_gmt":"2024-04-11T23:15:23","guid":{"rendered":"https:\/\/infovera.com.ar\/web\/?p=51281"},"modified":"2024-04-11T20:15:23","modified_gmt":"2024-04-11T23:15:23","slug":"la-anonima-ratifico-su-intencion-de-instalarse-en-reconquista","status":"publish","type":"post","link":"https:\/\/infovera.com.ar\/web\/2024\/04\/11\/la-anonima-ratifico-su-intencion-de-instalarse-en-reconquista\/","title":{"rendered":"La An\u00f3nima ratific\u00f3 su intenci\u00f3n de instalarse en Reconquista"},"content":{"rendered":"<p>En una reuni\u00f3n de prensa realizada esta tarde en el Grand Hotel de Reconquista, el presidente y el gerente general de La An\u00f3nima, Federico y Nicol\u00e1s Braun, anunciaron los planes de la compa\u00f1\u00eda de instalarse en la Ciudad. Tambi\u00e9n estuvo presente el intendente la ciudad, Enrique Vallejos.<\/p>\n<p>La empresa ya finaliz\u00f3 los estudios de impacto ambiental y tiene las aprobaciones municipales para realizar el desembarco en Reconquista. Ahora\u00a0aguarda que se completen los tr\u00e1mites correspondientes a nivel provincial.<\/p>\n<p>La sucursal poseer\u00e1 una superficie\u00a0total\u00a0construida de 2985m2 y su\u00a0apertura ampliar\u00e1 la propuesta de productos y servicios de La An\u00f3nima en Santa Fe, donde actualmente dispone de locales en\u00a0Esperanza, Rafaela, Rufino, San Jorge, San Justo, Sunchales y Venado Tuerto.<\/p>\n<p>La An\u00f3nima cuenta con 167 sucursales distribuidas en 10 provincias de Argentina y tiene previsto un\u00a0ambicioso plan de inversiones en el pa\u00eds por m\u00e1s de 20 millones de pesos, que comenz\u00f3 con la apertura de tres supermercados: el mencionado en Esperanza, Santa Fe; otro en Centenario, Neuqu\u00e9n; y el \u00faltimo en Bella Vista, Corrientes. El plan tambi\u00e9n incluye inauguraciones en\u00a0San Patricio del Cha\u00f1ar,\u00a0Neuqu\u00e9n; Fern\u00e1ndez Oro, R\u00edo Negro; y R\u00edo Gallegos, Santa Cruz.<\/p>\n<p>Con dichos desarrollos, la compa\u00f1\u00eda\u00a0sumar\u00e1 6.700 m2 nuevos en salones de venta\u00a0y superar\u00e1 las 170 sucursales, ubicadas en m\u00e1s de 85 ciudades de Argentina. Adem\u00e1s, generar\u00e1 empleo para m\u00e1s de 300 familias, que se incorporar\u00e1n a las 12.300 que ya forman parte de La An\u00f3nima,\u00a0alcanzando de esta manera m\u00e1s de 12.500 puestos de trabajo.<\/p>\n<p>Adem\u00e1s, la empresa hace crecer as\u00ed su compromiso de Triple Impacto: econ\u00f3mico, social y ambiental, porque trabaja de forma sustentable para generar valor en cada comunidad, en el medio ambiente y en el negocio, promoviendo el desarrollo de emprendedores y productores locales de cada ciudad en la que est\u00e1 presente.<\/p>\n<p>La An\u00f3nima es una empresa argentina con 115 a\u00f1os de historia,\u00a0l\u00edder de supermercadismo en la Patagonia y el\u00a0interior del pa\u00eds, tanto por el n\u00famero de locales que opera, como por su nivel de ventas.<\/p>\n","protected":false},"excerpt":{"rendered":"<p>En una reuni\u00f3n de prensa realizada esta tarde en el Grand Hotel de Reconquista, el presidente y el gerente general de La An\u00f3nima, Federico y Nicol\u00e1s Braun, anunciaron los planes de la compa\u00f1\u00eda de instalarse en la Ciudad. Tambi\u00e9n estuvo presente el intendente la ciudad, Enrique Vallejos. La empresa ya finaliz\u00f3 los estudios de impacto [&hellip;]<\/p>\n","protected":false},"author":3,"featured_media":51282,"comment_status":"closed","ping_status":"closed","sticky":false,"template":"","format":"standard","meta":{"_joinchat":[],"footnotes":""},"categories":[55,61],"tags":[],"class_list":{"0":"post-51281","1":"post","2":"type-post","3":"status-publish","4":"format-standard","5":"has-post-thumbnail","7":"category-reconquista","8":"category-regionales"},"_links":{"self":[{"href":"https:\/\/infovera.com.ar\/web\/wp-json\/wp\/v2\/posts\/51281","targetHints":{"allow":["GET"]}}],"collection":[{"href":"https:\/\/infovera.com.ar\/web\/wp-json\/wp\/v2\/posts"}],"about":[{"href":"https:\/\/infovera.com.ar\/web\/wp-json\/wp\/v2\/types\/post"}],"author":[{"embeddable":true,"href":"https:\/\/infovera.com.ar\/web\/wp-json\/wp\/v2\/users\/3"}],"replies":[{"embeddable":true,"href":"https:\/\/infovera.com.ar\/web\/wp-json\/wp\/v2\/comments?post=51281"}],"version-history":[{"count":0,"href":"https:\/\/infovera.com.ar\/web\/wp-json\/wp\/v2\/posts\/51281\/revisions"}],"wp:featuredmedia":[{"embeddable":true,"href":"https:\/\/infovera.com.ar\/web\/wp-json\/wp\/v2\/media\/51282"}],"wp:attachment":[{"href":"https:\/\/infovera.com.ar\/web\/wp-json\/wp\/v2\/media?parent=51281"}],"wp:term":[{"taxonomy":"category","embeddable":true,"href":"https:\/\/infovera.com.ar\/web\/wp-json\/wp\/v2\/categories?post=51281"},{"taxonomy":"post_tag","embeddable":true,"href":"https:\/\/infovera.com.ar\/web\/wp-json\/wp\/v2\/tags?post=51281"}],"curies":[{"name":"wp","href":"https:\/\/api.w.org\/{rel}","templated":true}]}}