{"id":51265,"date":"2024-04-11T10:26:12","date_gmt":"2024-04-11T13:26:12","guid":{"rendered":"https:\/\/infovera.com.ar\/web\/?p=51265"},"modified":"2024-04-11T10:26:12","modified_gmt":"2024-04-11T13:26:12","slug":"dionisio-scarpin-es-alentador-que-el-gobierno-provincial-tenga-un-plan-de-obras-publicas-mas-alla-de-la-crisis","status":"publish","type":"post","link":"https:\/\/infovera.com.ar\/web\/2024\/04\/11\/dionisio-scarpin-es-alentador-que-el-gobierno-provincial-tenga-un-plan-de-obras-publicas-mas-alla-de-la-crisis\/","title":{"rendered":"Dionisio Scarpin: \u201cEs alentador que el Gobierno provincial tenga un Plan de Obras P\u00fablicas, m\u00e1s all\u00e1 de la crisis\u201d"},"content":{"rendered":"<p>De esta manera se expres\u00f3 el diputado provincial, luego de que el ministro de Obras P\u00fablicas, Lisandro Enrico, presentara ante legisladores de todos los bloques, el plan de obras de Santa Fe. \u201cDesde un primer momento acept\u00f3 la invitaci\u00f3n a concurrir a la Comisi\u00f3n de Obras P\u00fablicas y eso demuestra la apertura que tiene este gobierno con el Poder Legislativo\u201d, afirm\u00f3.<\/p>\n<p>El diputado provincial y presidente de la Comisi\u00f3n de Obras P\u00fablicas de la C\u00e1mara, Dionisio Scarpin, recibi\u00f3 junto a sus pares de todos los bloques, al ministro de Obras P\u00fablicas de Santa Fe, Lisandro Enrico. \u201cVamos a escuchar c\u00f3mo va a trabajar el gobierno provincial en este tema y en un escenario de crisis. Cu\u00e1les son los ejes y prioridades, pero tambi\u00e9n cu\u00e1les son las dificultades y c\u00f3mo se piensan afrontar\u201d, dijo el legislador.<\/p>\n<p>Luego del encuentro, el diputado provincial indic\u00f3 que \u201ces alentador saber que a pesar de la crisis, hay un plan de obras y el gobierno provincial tiene como objetivo terminar algunas de las obras nacionales que se encuentran en ejecuci\u00f3n en nuestro territorio\u201d. Por su parte, Lisandro Enrico dijo: \u201cVengo a dialogar con la Comisi\u00f3n y a brindar informaci\u00f3n de lo que est\u00e1 haciendo el Ministerio, a 120 d\u00edas de inicio de sus funciones\u201d.<\/p>\n<p>En la misma l\u00ednea, el funcionario provincial detall\u00f3 que la gesti\u00f3n parti\u00f3 de un escenario complicado con cuatro dificultades transversales. Seguidamente agreg\u00f3: \u201cUna inflaci\u00f3n que nos desestructura cualquier c\u00e1lculo de obra p\u00fablica y hab\u00eda una paralizaci\u00f3n o ralentizaci\u00f3n de las obras p\u00fablicas. En tercer lugar, ten\u00edamos una deuda importante con empresas contratistas en municipalidades y comunas. Y en cuarto lugar, por primera vez en la historia de nuestro pa\u00eds, contamos con un gobierno nacional que tiene una postura hostil hacia la obra p\u00fablica\u201d.<\/p>\n<p>Lisandro Enrico sostuvo que sobre ese escenario se tuvo que comenzar a trabajar, para ordenar el Ministerio, pagar la deuda y actualizar \u00edndices de redeterminaci\u00f3n de precios. \u201cEsto nos permiti\u00f3 ir reactivando poco a poco los trabajos en todo el territorio\u201d, dijo.<\/p>\n<p><strong>Ley de Emergencia Vial<\/strong><\/p>\n<p>Consultado por los medios, acerca de si este proyecto se va a incluir para el tratamiento en las sesiones extraordinarias de la Legislatura Provincial, el ministro de Obras P\u00fablicas, Lisandro Enrico, afirm\u00f3: \u201cEst\u00e1 en la idea. Hay proyectos presentados por los legisladores, como es el caso de Dionisio, tambi\u00e9n hay una idea dando vueltas dentro del Poder Ejecutivo de un mecanismo de excepci\u00f3n para poder capear este momento que estamos afrontando en el pa\u00eds y en la provincia\u201d.<\/p>\n","protected":false},"excerpt":{"rendered":"<p>De esta manera se expres\u00f3 el diputado provincial, luego de que el ministro de Obras P\u00fablicas, Lisandro Enrico, presentara ante legisladores de todos los bloques, el plan de obras de Santa Fe. \u201cDesde un primer momento acept\u00f3 la invitaci\u00f3n a concurrir a la Comisi\u00f3n de Obras P\u00fablicas y eso demuestra la apertura que tiene este [&hellip;]<\/p>\n","protected":false},"author":3,"featured_media":51266,"comment_status":"closed","ping_status":"closed","sticky":false,"template":"","format":"standard","meta":{"_joinchat":[],"footnotes":""},"categories":[60],"tags":[],"class_list":{"0":"post-51265","1":"post","2":"type-post","3":"status-publish","4":"format-standard","5":"has-post-thumbnail","7":"category-provinciales"},"_links":{"self":[{"href":"https:\/\/infovera.com.ar\/web\/wp-json\/wp\/v2\/posts\/51265","targetHints":{"allow":["GET"]}}],"collection":[{"href":"https:\/\/infovera.com.ar\/web\/wp-json\/wp\/v2\/posts"}],"about":[{"href":"https:\/\/infovera.com.ar\/web\/wp-json\/wp\/v2\/types\/post"}],"author":[{"embeddable":true,"href":"https:\/\/infovera.com.ar\/web\/wp-json\/wp\/v2\/users\/3"}],"replies":[{"embeddable":true,"href":"https:\/\/infovera.com.ar\/web\/wp-json\/wp\/v2\/comments?post=51265"}],"version-history":[{"count":0,"href":"https:\/\/infovera.com.ar\/web\/wp-json\/wp\/v2\/posts\/51265\/revisions"}],"wp:featuredmedia":[{"embeddable":true,"href":"https:\/\/infovera.com.ar\/web\/wp-json\/wp\/v2\/media\/51266"}],"wp:attachment":[{"href":"https:\/\/infovera.com.ar\/web\/wp-json\/wp\/v2\/media?parent=51265"}],"wp:term":[{"taxonomy":"category","embeddable":true,"href":"https:\/\/infovera.com.ar\/web\/wp-json\/wp\/v2\/categories?post=51265"},{"taxonomy":"post_tag","embeddable":true,"href":"https:\/\/infovera.com.ar\/web\/wp-json\/wp\/v2\/tags?post=51265"}],"curies":[{"name":"wp","href":"https:\/\/api.w.org\/{rel}","templated":true}]}}