{"id":51240,"date":"2024-04-10T10:25:50","date_gmt":"2024-04-10T13:25:50","guid":{"rendered":"https:\/\/infovera.com.ar\/web\/?p=51240"},"modified":"2024-04-11T10:44:48","modified_gmt":"2024-04-11T13:44:48","slug":"con-un-clasico-comienza-el-torneo-del-futbol-mayor-de-vera","status":"publish","type":"post","link":"https:\/\/infovera.com.ar\/web\/2024\/04\/10\/con-un-clasico-comienza-el-torneo-del-futbol-mayor-de-vera\/","title":{"rendered":"Con un cl\u00e1sico comienza el torneo del f\u00fatbol mayor de Vera"},"content":{"rendered":"<p>Ya est\u00e1 todo listo y confirmado para el comienzo del torneo 2024 de la Liga Verense. Y nada m\u00e1s ni menos que un cl\u00e1sico en la zona norte .<\/p>\n<p>Gimnasia FC, \u00faltimo campe\u00f3n de las copas de Verano y Amistad recibe en El Bosque al club Ferrocarril.<\/p>\n<p>El Lobo, dirigido por la dupla t\u00e9cnica \u00c1vila &#8211; Esp\u00edndola, quiere dejar los tres puntos en casa y empezar con el pie derecho ante El Ceb\u00fa, que es conducido t\u00e1cticamente por la dupla Trombotto &#8211; Fern\u00e1ndez, quienes reefirieron que &#8220;est\u00e1n encontrando un buen equipo&#8221;.<\/p>\n<p>Ahora nada m\u00e1s hay que esperar el pitado de inicio del partido.<\/p>\n<p>Horario: Reserva 20 hs y Primera 21:30 hs<\/p>\n","protected":false},"excerpt":{"rendered":"<p>Ya est\u00e1 todo listo y confirmado para el comienzo del torneo 2024 de la Liga Verense. Y nada m\u00e1s ni menos que un cl\u00e1sico en la zona norte . Gimnasia FC, \u00faltimo campe\u00f3n de las copas de Verano y Amistad recibe en El Bosque al club Ferrocarril. El Lobo, dirigido por la dupla t\u00e9cnica \u00c1vila [&hellip;]<\/p>\n","protected":false},"author":3,"featured_media":50766,"comment_status":"closed","ping_status":"closed","sticky":false,"template":"","format":"standard","meta":{"_joinchat":[],"footnotes":""},"categories":[31,35,53],"tags":[],"class_list":{"0":"post-51240","1":"post","2":"type-post","3":"status-publish","4":"format-standard","5":"has-post-thumbnail","7":"category-deportes","8":"category-futbol","9":"category-vera"},"_links":{"self":[{"href":"https:\/\/infovera.com.ar\/web\/wp-json\/wp\/v2\/posts\/51240","targetHints":{"allow":["GET"]}}],"collection":[{"href":"https:\/\/infovera.com.ar\/web\/wp-json\/wp\/v2\/posts"}],"about":[{"href":"https:\/\/infovera.com.ar\/web\/wp-json\/wp\/v2\/types\/post"}],"author":[{"embeddable":true,"href":"https:\/\/infovera.com.ar\/web\/wp-json\/wp\/v2\/users\/3"}],"replies":[{"embeddable":true,"href":"https:\/\/infovera.com.ar\/web\/wp-json\/wp\/v2\/comments?post=51240"}],"version-history":[{"count":0,"href":"https:\/\/infovera.com.ar\/web\/wp-json\/wp\/v2\/posts\/51240\/revisions"}],"wp:featuredmedia":[{"embeddable":true,"href":"https:\/\/infovera.com.ar\/web\/wp-json\/wp\/v2\/media\/50766"}],"wp:attachment":[{"href":"https:\/\/infovera.com.ar\/web\/wp-json\/wp\/v2\/media?parent=51240"}],"wp:term":[{"taxonomy":"category","embeddable":true,"href":"https:\/\/infovera.com.ar\/web\/wp-json\/wp\/v2\/categories?post=51240"},{"taxonomy":"post_tag","embeddable":true,"href":"https:\/\/infovera.com.ar\/web\/wp-json\/wp\/v2\/tags?post=51240"}],"curies":[{"name":"wp","href":"https:\/\/api.w.org\/{rel}","templated":true}]}}