{"id":51212,"date":"2024-04-08T18:41:22","date_gmt":"2024-04-08T21:41:22","guid":{"rendered":"https:\/\/infovera.com.ar\/web\/?p=51212"},"modified":"2024-04-08T18:41:59","modified_gmt":"2024-04-08T21:41:59","slug":"cambian-de-fechas-los-pagos-de-pensiones-por-discapacidad-a-nivel-nacional","status":"publish","type":"post","link":"https:\/\/infovera.com.ar\/web\/2024\/04\/08\/cambian-de-fechas-los-pagos-de-pensiones-por-discapacidad-a-nivel-nacional\/","title":{"rendered":"Cambian de fecha los pagos de pensiones por discapacidad a nivel nacional"},"content":{"rendered":"<p>La Agencia Nacional de Discapacidad, dependiente de la Secretar\u00eda General de la Presidencia de la Naci\u00f3n inform\u00f3 modificaciones en las fechas de pago de Pensiones No Contributivas a ra\u00edz de los cambios implementados en la F\u00f3rmula de Movilidad Jubilatoria.<\/p>\n<p>El organismo descentralizado, encargado de desarrollar, articular e implementar pol\u00edticas p\u00fablicas en discapacidad refiri\u00f3 en un comunicado difundido en el mediod\u00eda del lunes de qu\u00e9 manera afectar\u00e1 el nuevo sistema fijado para calcular la f\u00f3rmula de Movilidad Jubilatoria en el cronograma de pago de las prestaciones administradas bajo su \u00f3rbita.<\/p>\n<p>La ANDIS precis\u00f3 que la actualizaci\u00f3n de haberes jubilatorios &#8220;ahora se realizar\u00e1 de forma mensual utilizando el \u00cdndice de Precios al Consumidor (IPC)&#8221;, por lo que &#8220;se han ajustado las fechas de pago de las prestaciones administradas por la Agencia Nacional de Discapacidad, a trav\u00e9s de la Direcci\u00f3n Nacional de Ayudas y Asignaciones Econ\u00f3micas&#8221;.<\/p>\n<p>A partir del mes de mayo, las Pensiones No Contributivas (PNC) cambiar\u00e1n su fecha de pago del primer d\u00eda h\u00e1bil al sexto d\u00eda h\u00e1bil de cada mes, de manera tal que los haberes est\u00e9n ajustados con el \u00faltimo incremento, y poder cobrar con el aumento, como corresponde, explic\u00f3 .<\/p>\n<p>Adem\u00e1s, inform\u00f3 que el bono correspondiente al mes de abril, as\u00ed como cualquier diferencia por la aplicaci\u00f3n de la nueva f\u00f3rmula jubilatoria, se pagar\u00e1 a partir del 17 de abril en adelante.<\/p>\n<p>&#8220;El prop\u00f3sito es garantizar la continuidad de un servicio de calidad a todos los beneficiarios&#8221;, asegur\u00f3.<\/p>\n","protected":false},"excerpt":{"rendered":"<p>La Agencia Nacional de Discapacidad, dependiente de la Secretar\u00eda General de la Presidencia de la Naci\u00f3n inform\u00f3 modificaciones en las fechas de pago de Pensiones No Contributivas a ra\u00edz de los cambios implementados en la F\u00f3rmula de Movilidad Jubilatoria. El organismo descentralizado, encargado de desarrollar, articular e implementar pol\u00edticas p\u00fablicas en discapacidad refiri\u00f3 en un [&hellip;]<\/p>\n","protected":false},"author":3,"featured_media":51213,"comment_status":"closed","ping_status":"closed","sticky":false,"template":"","format":"standard","meta":{"_joinchat":[],"footnotes":""},"categories":[62,60],"tags":[],"class_list":{"0":"post-51212","1":"post","2":"type-post","3":"status-publish","4":"format-standard","5":"has-post-thumbnail","7":"category-nacionales","8":"category-provinciales"},"_links":{"self":[{"href":"https:\/\/infovera.com.ar\/web\/wp-json\/wp\/v2\/posts\/51212","targetHints":{"allow":["GET"]}}],"collection":[{"href":"https:\/\/infovera.com.ar\/web\/wp-json\/wp\/v2\/posts"}],"about":[{"href":"https:\/\/infovera.com.ar\/web\/wp-json\/wp\/v2\/types\/post"}],"author":[{"embeddable":true,"href":"https:\/\/infovera.com.ar\/web\/wp-json\/wp\/v2\/users\/3"}],"replies":[{"embeddable":true,"href":"https:\/\/infovera.com.ar\/web\/wp-json\/wp\/v2\/comments?post=51212"}],"version-history":[{"count":0,"href":"https:\/\/infovera.com.ar\/web\/wp-json\/wp\/v2\/posts\/51212\/revisions"}],"wp:featuredmedia":[{"embeddable":true,"href":"https:\/\/infovera.com.ar\/web\/wp-json\/wp\/v2\/media\/51213"}],"wp:attachment":[{"href":"https:\/\/infovera.com.ar\/web\/wp-json\/wp\/v2\/media?parent=51212"}],"wp:term":[{"taxonomy":"category","embeddable":true,"href":"https:\/\/infovera.com.ar\/web\/wp-json\/wp\/v2\/categories?post=51212"},{"taxonomy":"post_tag","embeddable":true,"href":"https:\/\/infovera.com.ar\/web\/wp-json\/wp\/v2\/tags?post=51212"}],"curies":[{"name":"wp","href":"https:\/\/api.w.org\/{rel}","templated":true}]}}