{"id":51209,"date":"2024-04-08T18:09:43","date_gmt":"2024-04-08T21:09:43","guid":{"rendered":"https:\/\/infovera.com.ar\/web\/?p=51209"},"modified":"2024-04-09T09:41:40","modified_gmt":"2024-04-09T12:41:40","slug":"rojas-impulsa-un-proyecto-para-sumar-medicos-a-la-region","status":"publish","type":"post","link":"https:\/\/infovera.com.ar\/web\/2024\/04\/08\/rojas-impulsa-un-proyecto-para-sumar-medicos-a-la-region\/","title":{"rendered":"Rojas impulsa un proyecto para sumar m\u00e9dicos a la regi\u00f3n"},"content":{"rendered":"<p>El diputado provincial, Sergio \u201cChiqui\u201d Rojas se reuni\u00f3 en Santa Fe con la secretaria de Salud de la provincia, Andrea Uboldi.<\/p>\n<p>Entre los temas tratados, Rojas manifest\u00f3: \u201cLa enorme desigualdad que existe en la distribuci\u00f3n de los profesionales m\u00e9dicos entre el norte y el resto de la provincia. Por ejemplo, de acuerdo al Colegio de M\u00e9dicos de Santa Fe, en 2023 hab\u00eda 683 m\u00e9dicos generalistas en toda la provincia, 246 en el departamento Rosario, 172 en La Capital, 35 en el General Obligado, 12 en Vera y s\u00f3lo 2 en 9 de Julio. En muchas especialidades cr\u00edticas los n\u00fameros son igual de preocupantes\u201d.<\/p>\n<p>Adem\u00e1s, pusieron en agenda el legislador y la funcionaria del gobierno provincial acciones para que el norte santafesino pueda contar con una salud p\u00fablica de calidad, tal como fue trazada en a\u00f1os anteriores y fue un eje fundamental del Plan del Norte. Finalmente, Rojas afirm\u00f3 que: \u201cEl norte es una regi\u00f3n particular, separado de los centros urbanos, con mucha poblaci\u00f3n rural y peque\u00f1as comunas. Entendemos que son muchas las cuestiones sobre las que hay que trabajar para que los profesionales elijan venir al norte y garantizar que todos los vecinos puedan recibir una atenci\u00f3n adecuada, por eso vamos a retomar el proyecto que iniciamos desde el Plan del Norte para fomentar la radicaci\u00f3n de m\u00e9dicos en el norte santafesino\u201d.<\/p>\n<p>Entre los puntos a considerar tambi\u00e9n, estuvo el tema del dengue y la producci\u00f3n de repelentes por parte del LIF el laboratorio provincial.<\/p>\n","protected":false},"excerpt":{"rendered":"<p>El diputado provincial, Sergio \u201cChiqui\u201d Rojas se reuni\u00f3 en Santa Fe con la secretaria de Salud de la provincia, Andrea Uboldi. Entre los temas tratados, Rojas manifest\u00f3: \u201cLa enorme desigualdad que existe en la distribuci\u00f3n de los profesionales m\u00e9dicos entre el norte y el resto de la provincia. Por ejemplo, de acuerdo al Colegio de [&hellip;]<\/p>\n","protected":false},"author":3,"featured_media":51210,"comment_status":"closed","ping_status":"closed","sticky":false,"template":"","format":"standard","meta":{"_joinchat":[],"footnotes":""},"categories":[53],"tags":[],"class_list":{"0":"post-51209","1":"post","2":"type-post","3":"status-publish","4":"format-standard","5":"has-post-thumbnail","7":"category-vera"},"_links":{"self":[{"href":"https:\/\/infovera.com.ar\/web\/wp-json\/wp\/v2\/posts\/51209","targetHints":{"allow":["GET"]}}],"collection":[{"href":"https:\/\/infovera.com.ar\/web\/wp-json\/wp\/v2\/posts"}],"about":[{"href":"https:\/\/infovera.com.ar\/web\/wp-json\/wp\/v2\/types\/post"}],"author":[{"embeddable":true,"href":"https:\/\/infovera.com.ar\/web\/wp-json\/wp\/v2\/users\/3"}],"replies":[{"embeddable":true,"href":"https:\/\/infovera.com.ar\/web\/wp-json\/wp\/v2\/comments?post=51209"}],"version-history":[{"count":0,"href":"https:\/\/infovera.com.ar\/web\/wp-json\/wp\/v2\/posts\/51209\/revisions"}],"wp:featuredmedia":[{"embeddable":true,"href":"https:\/\/infovera.com.ar\/web\/wp-json\/wp\/v2\/media\/51210"}],"wp:attachment":[{"href":"https:\/\/infovera.com.ar\/web\/wp-json\/wp\/v2\/media?parent=51209"}],"wp:term":[{"taxonomy":"category","embeddable":true,"href":"https:\/\/infovera.com.ar\/web\/wp-json\/wp\/v2\/categories?post=51209"},{"taxonomy":"post_tag","embeddable":true,"href":"https:\/\/infovera.com.ar\/web\/wp-json\/wp\/v2\/tags?post=51209"}],"curies":[{"name":"wp","href":"https:\/\/api.w.org\/{rel}","templated":true}]}}