{"id":51205,"date":"2024-04-08T14:17:51","date_gmt":"2024-04-08T17:17:51","guid":{"rendered":"https:\/\/infovera.com.ar\/web\/?p=51205"},"modified":"2024-04-08T20:17:22","modified_gmt":"2024-04-08T23:17:22","slug":"fabio-canciani-volvio-y-gano-en-el-templo-de-la-velocidad","status":"publish","type":"post","link":"https:\/\/infovera.com.ar\/web\/2024\/04\/08\/fabio-canciani-volvio-y-gano-en-el-templo-de-la-velocidad\/","title":{"rendered":"Fabio Canciani volvi\u00f3 y gan\u00f3 en el Templo de la Velocidad"},"content":{"rendered":"<p>El piloto de Calchaqu\u00ed volvi\u00f3 a decir presente dentro del TC 4000 Santafesino en Rafaela.<\/p>\n<p>Fabio Canciani se llev\u00f3 la victoria en el TC 4000 del Car Show Santafesino en Rafaela en el premio corrido este fin de semana en el Parque de Velocidad.<\/p>\n<p>El volante se hab\u00eda mostrado &#8220;muy feliz de regresar a correr&#8221;, luego de que se diera &#8220;la posibilidad de estar presente con la Chevy de Pel\u00e9 Fain, ya que varias fechas del a\u00f1o coinciden justo con las TCPK y TC PISTA, en las cuales corre su hijo, Ignacio Fain, y por eso, como la idea era que el auto est\u00e9 corriendo, me lo ofreci\u00f3&#8221;.<\/p>\n<p>Antes de la carrera en la que termin\u00f3 primero, hab\u00eda indicado que &#8220;el auto est\u00e1 listo, Agustin De Zan ser\u00e1 el encargado del mismo. Para m\u00ed ,es un desafio, hace 1 a\u00f1o y medio que no me subo a ningun auto de carreras, por eso, voy a tratar de estar a la altura de la circunstancia, tratando de funcionar bien y sumar fuerte para que Pel\u00e9 pueda entrar al Play Off y pelear el campeonato&#8221;.<\/p>\n<p>En mi caso, estoy trabajando sobre mi Ford Falcon actualizando varias cosas para poder estar ya sea este a\u00f1o o el pr\u00f3ximo compitiendo nuevamente, para cerrar mi campa\u00f1a deportiva de la mejor manera&#8221; coment\u00f3 el decano del TC 4000.<\/p>\n<p><a href=\"https:\/\/infovera.com.ar\/web\/wp-content\/uploads\/2024\/04\/resultado.png\"><img loading=\"lazy\" decoding=\"async\" class=\"alignleft size-full wp-image-51207\" src=\"https:\/\/infovera.com.ar\/web\/wp-content\/uploads\/2024\/04\/resultado.png\" alt=\"\" width=\"883\" height=\"706\" srcset=\"https:\/\/infovera.com.ar\/web\/wp-content\/uploads\/2024\/04\/resultado.png 883w, https:\/\/infovera.com.ar\/web\/wp-content\/uploads\/2024\/04\/resultado-696x556.png 696w, https:\/\/infovera.com.ar\/web\/wp-content\/uploads\/2024\/04\/resultado-525x420.png 525w\" sizes=\"auto, (max-width: 883px) 100vw, 883px\" \/><\/a><\/p>\n","protected":false},"excerpt":{"rendered":"<p>El piloto de Calchaqu\u00ed volvi\u00f3 a decir presente dentro del TC 4000 Santafesino en Rafaela. Fabio Canciani se llev\u00f3 la victoria en el TC 4000 del Car Show Santafesino en Rafaela en el premio corrido este fin de semana en el Parque de Velocidad. El volante se hab\u00eda mostrado &#8220;muy feliz de regresar a correr&#8221;, [&hellip;]<\/p>\n","protected":false},"author":3,"featured_media":51206,"comment_status":"closed","ping_status":"closed","sticky":false,"template":"","format":"standard","meta":{"_joinchat":[],"footnotes":""},"categories":[32,31,60],"tags":[],"class_list":{"0":"post-51205","1":"post","2":"type-post","3":"status-publish","4":"format-standard","5":"has-post-thumbnail","7":"category-automovilismo","8":"category-deportes","9":"category-provinciales"},"_links":{"self":[{"href":"https:\/\/infovera.com.ar\/web\/wp-json\/wp\/v2\/posts\/51205","targetHints":{"allow":["GET"]}}],"collection":[{"href":"https:\/\/infovera.com.ar\/web\/wp-json\/wp\/v2\/posts"}],"about":[{"href":"https:\/\/infovera.com.ar\/web\/wp-json\/wp\/v2\/types\/post"}],"author":[{"embeddable":true,"href":"https:\/\/infovera.com.ar\/web\/wp-json\/wp\/v2\/users\/3"}],"replies":[{"embeddable":true,"href":"https:\/\/infovera.com.ar\/web\/wp-json\/wp\/v2\/comments?post=51205"}],"version-history":[{"count":0,"href":"https:\/\/infovera.com.ar\/web\/wp-json\/wp\/v2\/posts\/51205\/revisions"}],"wp:featuredmedia":[{"embeddable":true,"href":"https:\/\/infovera.com.ar\/web\/wp-json\/wp\/v2\/media\/51206"}],"wp:attachment":[{"href":"https:\/\/infovera.com.ar\/web\/wp-json\/wp\/v2\/media?parent=51205"}],"wp:term":[{"taxonomy":"category","embeddable":true,"href":"https:\/\/infovera.com.ar\/web\/wp-json\/wp\/v2\/categories?post=51205"},{"taxonomy":"post_tag","embeddable":true,"href":"https:\/\/infovera.com.ar\/web\/wp-json\/wp\/v2\/tags?post=51205"}],"curies":[{"name":"wp","href":"https:\/\/api.w.org\/{rel}","templated":true}]}}