{"id":51202,"date":"2024-04-08T12:54:42","date_gmt":"2024-04-08T15:54:42","guid":{"rendered":"https:\/\/infovera.com.ar\/web\/?p=51202"},"modified":"2024-04-08T12:54:42","modified_gmt":"2024-04-08T15:54:42","slug":"condenaron-a-7-anos-de-prision-a-un-hombre-que-violo-a-su-pareja-con-sus-hijos-como-testigos","status":"publish","type":"post","link":"https:\/\/infovera.com.ar\/web\/2024\/04\/08\/condenaron-a-7-anos-de-prision-a-un-hombre-que-violo-a-su-pareja-con-sus-hijos-como-testigos\/","title":{"rendered":"Condenaron a 7 a\u00f1os de prisi\u00f3n a un hombre que viol\u00f3 a su pareja con sus hijos como testigos"},"content":{"rendered":"<p>La pena fue impuesta a Mauro Fabi\u00e1n P\u00e9rez. Fiscal\u00eda hab\u00eda reclamado una pena mayor.<\/p>\n<p>La sentencia a 7 a\u00f1os de prisi\u00f3n para Mauro Fabi\u00e1n P\u00e9rez fue dada conocer el pasado viernes en los Tribunales de Reconquista por el juez penal Gonzalo Basualdo, que integr\u00f3 el tribunal unipersonal que llev\u00f3 adelante el juicio oral y p\u00fablico.<\/p>\n<p>En su sentencia, el magistrado hall\u00f3 penalmente responsable del delito de abuso sexual con acceso carnal al imputado por un hecho ocurrido en la vivienda que compart\u00eda con su pareja y v\u00edctima en la ciudad donde se sustanci\u00f3 el proceso de juzgamiento.<\/p>\n<p>La pena impuesta, de cumplimiento efectivo, se ubic\u00f3 por debajo de lo solicitado por el fiscal del caso Sebasti\u00e1n Marichal, quien hab\u00eda reclamado 10 a\u00f1os y 6 meses de prisi\u00f3n para P\u00e9rez por su accionar delictivo, en una escala cuyo m\u00e1ximo codificado alcanza a los 15 a\u00f1os.<\/p>\n<p>Hab\u00eda llegado al juicio en estado de libertad y fue asistido t\u00e9cnicamente por su abogado defensor Mario Aguilar. Le realizar\u00e1n ex\u00e1menes para obtener su identificaci\u00f3n gen\u00e9tica e inscribirla en el registro de ofensores sexuales.<\/p>\n<p><strong>Pruebas s\u00f3lidas<\/strong><\/p>\n<p>Una vez conocido el fallo, el representante del MPA evalu\u00f3 que \u201cen primer lugar, dieron por probado el hecho. Nosotros acusamos por un hecho, un solo hecho concreto. Ocurri\u00f3 el 18 de diciembre pasado, un abuso sexual con acceso carnal a su pareja por entonces. Y eso lo consideran probado el hecho y la calificaci\u00f3n\u201d.<\/p>\n<p>El Dr. Marichal indic\u00f3 que \u201cel m\u00ednimo es de 6 a\u00f1os y nosotros hab\u00edamos pedido m\u00e1s o menos la mitad, que es 10 a\u00f1os y medio. El m\u00e1ximo es 15. As\u00ed que, en principio, estar\u00e1 la cuesti\u00f3n del monto de la pena, pero, en principio, satisfecho porque dieron por probado suficientemente que ocurri\u00f3 y que la calificaci\u00f3n es la que acusamos nosotros\u201d.<\/p>\n<p>El funcionario dijo que estar\u00e1 atento a los fundamentos de la decisi\u00f3n judicial, que ser\u00e1n informados en el plazo previsto por ley, y valor\u00f3 que que fue \u201cun juicio donde pasaron profesionales, donde la Fiscal\u00eda junto a un m\u00e9dico prepar\u00f3 todo lo que significaron las testimoniales&#8221; en las que declararon &#8220;la v\u00edctima, su grupo familiar; tambi\u00e9n fueron sus hijos a C\u00e1mara Gesell que fueron testigos. \u201d.<\/p>\n<p>Respecto a la presencia de los hijos menores de la pareja durante el abuso, reconstruy\u00f3 que \u201cno comprend\u00edan lo que pasaba, pero s\u00ed que ocurri\u00f3 algo en la habitaci\u00f3n, que su madre fue llevada a la habitaci\u00f3n de la casa donde conviv\u00eda con P\u00e9rez y que algo pas\u00f3. Ellos saben que algo pas\u00f3. No saben qu\u00e9, porque eran muy chicos\u201d.<\/p>\n<p>Esos testimonios, m\u00e1s las pruebas m\u00e9dicas y los informes de la psic\u00f3loga particular y del psic\u00f3logo policial conformaron una base \u201cbastante s\u00f3lida\u201d para fundar la acusaci\u00f3n, complet\u00f3.<\/p>\n<p>&nbsp;<\/p>\n","protected":false},"excerpt":{"rendered":"<p>La pena fue impuesta a Mauro Fabi\u00e1n P\u00e9rez. Fiscal\u00eda hab\u00eda reclamado una pena mayor. La sentencia a 7 a\u00f1os de prisi\u00f3n para Mauro Fabi\u00e1n P\u00e9rez fue dada conocer el pasado viernes en los Tribunales de Reconquista por el juez penal Gonzalo Basualdo, que integr\u00f3 el tribunal unipersonal que llev\u00f3 adelante el juicio oral y p\u00fablico. [&hellip;]<\/p>\n","protected":false},"author":3,"featured_media":51203,"comment_status":"closed","ping_status":"closed","sticky":false,"template":"","format":"standard","meta":{"_joinchat":[],"footnotes":""},"categories":[30,55,61],"tags":[],"class_list":{"0":"post-51202","1":"post","2":"type-post","3":"status-publish","4":"format-standard","5":"has-post-thumbnail","7":"category-policiales","8":"category-reconquista","9":"category-regionales"},"_links":{"self":[{"href":"https:\/\/infovera.com.ar\/web\/wp-json\/wp\/v2\/posts\/51202","targetHints":{"allow":["GET"]}}],"collection":[{"href":"https:\/\/infovera.com.ar\/web\/wp-json\/wp\/v2\/posts"}],"about":[{"href":"https:\/\/infovera.com.ar\/web\/wp-json\/wp\/v2\/types\/post"}],"author":[{"embeddable":true,"href":"https:\/\/infovera.com.ar\/web\/wp-json\/wp\/v2\/users\/3"}],"replies":[{"embeddable":true,"href":"https:\/\/infovera.com.ar\/web\/wp-json\/wp\/v2\/comments?post=51202"}],"version-history":[{"count":0,"href":"https:\/\/infovera.com.ar\/web\/wp-json\/wp\/v2\/posts\/51202\/revisions"}],"wp:featuredmedia":[{"embeddable":true,"href":"https:\/\/infovera.com.ar\/web\/wp-json\/wp\/v2\/media\/51203"}],"wp:attachment":[{"href":"https:\/\/infovera.com.ar\/web\/wp-json\/wp\/v2\/media?parent=51202"}],"wp:term":[{"taxonomy":"category","embeddable":true,"href":"https:\/\/infovera.com.ar\/web\/wp-json\/wp\/v2\/categories?post=51202"},{"taxonomy":"post_tag","embeddable":true,"href":"https:\/\/infovera.com.ar\/web\/wp-json\/wp\/v2\/tags?post=51202"}],"curies":[{"name":"wp","href":"https:\/\/api.w.org\/{rel}","templated":true}]}}