{"id":51130,"date":"2024-04-04T18:26:03","date_gmt":"2024-04-04T21:26:03","guid":{"rendered":"https:\/\/infovera.com.ar\/web\/?p=51130"},"modified":"2024-04-05T13:18:35","modified_gmt":"2024-04-05T16:18:35","slug":"aldoonera-santa-fe-cesanteo-trabajadores-y-los-que-quedaron-no-cobraran-un-peso","status":"publish","type":"post","link":"https:\/\/infovera.com.ar\/web\/2024\/04\/04\/aldoonera-santa-fe-cesanteo-trabajadores-y-los-que-quedaron-no-cobraran-un-peso\/","title":{"rendered":"Algodonera Santa Fe cesante\u00f3 trabajadores y los que quedaron no cobrar\u00e1n un peso"},"content":{"rendered":"<p>La textil del norte provincial enfrenta una compleja crisis financiera producto de la situaci\u00f3n del pa\u00eds. No hay ventas y los costos fijos est\u00e1n por las nubes. 75 asociados fueron desafectados y solo quedan en planta los socios fundadores.<\/p>\n<p>Desde enero, la fren\u00e9tica labor cotidiana de las m\u00e1quinas hilanderas dej\u00f3 de ambientar como ruido de fondo el d\u00eda a d\u00eda en la Cooperativa de Trabajo Algodonera Santa Fe y, en cambio, se impuso un reposo obligado que par\u00f3 de forma expeditiva toda la actividad de esta empresa recuperada.<\/p>\n<p>Con sede en el Parque Industrial de Reconquista, la hilander\u00eda fue v\u00edctima de un devenir econ\u00f3mico funesto para las producciones de su tipo y su masa societaria resolvi\u00f3, para afrontar la coyuntura, dejar de producir sus mercader\u00edas provenientes del algod\u00f3n.<\/p>\n<p>Tres meses despu\u00e9s, no solo que no llegaron las soluciones a la problem\u00e1tica que afecta al sector, sino que la realidad deficitaria recrudeci\u00f3 a\u00fan m\u00e1s con el incremento de los costos fijos de funcionamiento y el aceleramiento de la curva negativa del consumo.<\/p>\n<p>En un comunicado fechado el 27 de marzo, la conducci\u00f3n de la textil norte\u00f1a dio cuenta del escenario de quebranto que atraviesa: &#8220;(&#8230;) la situaci\u00f3n econ\u00f3mica que atraviesa nuestro pa\u00eds desde el a\u00f1o 2023 y meses que lleva del a\u00f1o 2024, nos llev\u00f3 a un momento que no quer\u00edamos llegar. A comienzos del mes de enero del a\u00f1o 2024, se ha dejado de producir en nuestra planta&#8221;. Por tal motivo, a partir del d\u00eda 28 de marzo de 2024 quedar\u00edan cesantes 75 asociados de la instituci\u00f3n sin goce de excedente semanal, hasta la recuperaci\u00f3n de la producci\u00f3n, anunci\u00f3, lacerante, el comunicado rubricado por el presidente<br \/>\nJuan Manuel Riquel y el secretario Francisco Hilguero.<\/p>\n<p><strong>Cuello de botella<\/strong><\/p>\n<p>El condicional utilizado para hacer p\u00fablica la crisis financiera que acucia a la industria se transform\u00f3 en una afirmaci\u00f3n en el primer d\u00eda h\u00e1bil de la semana en curso, cuando 75 adherentes fueron formalmente cesanteados de un total de 116. Los 41 socios restantes permanecen dentro de la Cooperativa, por su condici\u00f3n de fundadores, pero en condiciones casi testimoniales ya que no percibir\u00e1n el pago de excedentes (como se denomina en el rubro a los haberes mensuales) y solo cumplir\u00e1n tareas de mantenimiento.<\/p>\n<p>El secretario Hilguero describi\u00f3 con precisi\u00f3n a <strong>InfoVera<\/strong> la complejidad del trance que los envuelve: \u201cNo hay consumo, se cay\u00f3 el mercado medio, la gente cuida el dinero y no consume\u201d y entonces la producci\u00f3n debi\u00f3 frenarse.<\/p>\n<p>Ese cuello de botella se afin\u00f3 m\u00e1s todav\u00eda con el aumento de la tarifa el\u00e9ctrica: \u201cPag\u00e1bamos 8 millones de pesos por mes y ahora nos vino 2,5 millones m\u00e1s\u201d, grafic\u00f3. Paralelamente crecieron sin parar los precios de los combustibles y se encareci\u00f3 tambi\u00e9n la materia prima, se\u00f1al\u00f3 Hilguero, para quien \u201cse junt\u00f3 todo\u201d.<\/p>\n<p>Todo ese c\u00famulo de nuevas tarifas incidi\u00f3 en forma directa en la firma que el a\u00f1o pasado factur\u00f3 575 millones de pesos, de los cuales el 75 % fueron a cubrir gastos de funcionamiento.<\/p>\n<p><strong>Complicado<\/strong><\/p>\n<p>Para Hilguero, el futuro inmediato \u201ces muy complicado\u201d, empero junto a sus pares apuesta fichas a poder revertir los n\u00fameros magros en base a la creaci\u00f3n de alianzas estrat\u00e9gicas: \u201cEs cruel todo esto, las familias lo sienten porque trabajan todos ac\u00e1, pero estamos hablando con un empresario del norte interesado en invertir en Algodonera Santa Fe. Aunque por ahora nos dijo que como no hay seguridad econ\u00f3mica prefiere exportar. Igual est\u00e1 la posibilidad de integrarnos con otras cooperativas\u201d.<\/p>\n<p>Pero eso, de darse, no ser\u00e1 para hoy ni ma\u00f1ana. Por el momento, lo palpable es que ninguno de los trabajadores cobrar\u00e1 un peso hasta nuevo aviso. Son, en total, 116 personas a las que el ajuste nacional pone en pausa, y constituyen un signo de preocupaci\u00f3n por el costo social en una regi\u00f3n que ya vio desplomarse la red de cooperativas dedicadas a la construcci\u00f3n.<\/p>\n<p>&nbsp;<\/p>\n","protected":false},"excerpt":{"rendered":"<p>La textil del norte provincial enfrenta una compleja crisis financiera producto de la situaci\u00f3n del pa\u00eds. No hay ventas y los costos fijos est\u00e1n por las nubes. 75 asociados fueron desafectados y solo quedan en planta los socios fundadores. Desde enero, la fren\u00e9tica labor cotidiana de las m\u00e1quinas hilanderas dej\u00f3 de ambientar como ruido de [&hellip;]<\/p>\n","protected":false},"author":3,"featured_media":51131,"comment_status":"closed","ping_status":"closed","sticky":false,"template":"","format":"standard","meta":{"_joinchat":[],"footnotes":""},"categories":[55,61],"tags":[],"class_list":{"0":"post-51130","1":"post","2":"type-post","3":"status-publish","4":"format-standard","5":"has-post-thumbnail","7":"category-reconquista","8":"category-regionales"},"_links":{"self":[{"href":"https:\/\/infovera.com.ar\/web\/wp-json\/wp\/v2\/posts\/51130","targetHints":{"allow":["GET"]}}],"collection":[{"href":"https:\/\/infovera.com.ar\/web\/wp-json\/wp\/v2\/posts"}],"about":[{"href":"https:\/\/infovera.com.ar\/web\/wp-json\/wp\/v2\/types\/post"}],"author":[{"embeddable":true,"href":"https:\/\/infovera.com.ar\/web\/wp-json\/wp\/v2\/users\/3"}],"replies":[{"embeddable":true,"href":"https:\/\/infovera.com.ar\/web\/wp-json\/wp\/v2\/comments?post=51130"}],"version-history":[{"count":0,"href":"https:\/\/infovera.com.ar\/web\/wp-json\/wp\/v2\/posts\/51130\/revisions"}],"wp:featuredmedia":[{"embeddable":true,"href":"https:\/\/infovera.com.ar\/web\/wp-json\/wp\/v2\/media\/51131"}],"wp:attachment":[{"href":"https:\/\/infovera.com.ar\/web\/wp-json\/wp\/v2\/media?parent=51130"}],"wp:term":[{"taxonomy":"category","embeddable":true,"href":"https:\/\/infovera.com.ar\/web\/wp-json\/wp\/v2\/categories?post=51130"},{"taxonomy":"post_tag","embeddable":true,"href":"https:\/\/infovera.com.ar\/web\/wp-json\/wp\/v2\/tags?post=51130"}],"curies":[{"name":"wp","href":"https:\/\/api.w.org\/{rel}","templated":true}]}}