{"id":51049,"date":"2024-03-30T12:26:07","date_gmt":"2024-03-30T15:26:07","guid":{"rendered":"https:\/\/infovera.com.ar\/web\/?p=51049"},"modified":"2024-03-30T12:26:07","modified_gmt":"2024-03-30T15:26:07","slug":"pullaro-encabezo-una-nueva-reunion-de-la-mesa-de-dialogo-santafesino","status":"publish","type":"post","link":"https:\/\/infovera.com.ar\/web\/2024\/03\/30\/pullaro-encabezo-una-nueva-reunion-de-la-mesa-de-dialogo-santafesino\/","title":{"rendered":"Pullaro encabez\u00f3 una nueva reuni\u00f3n de la Mesa de Di\u00e1logo Santafesino"},"content":{"rendered":"<p>El objetivo fue analizar la coyuntura de la seguridad p\u00fablica. \u201cEstamos convencidos del camino que estamos tomando y vamos a seguir peleando fuertemente. Necesitamos el respaldo de instituciones de la sociedad civil porque es una batalla que no se puede dar sola\u201d, afirm\u00f3 Pullaro. Desde la Mesa de Di\u00e1logo se apunt\u00f3 que \u201cquer\u00edamos solidarizarnos con el Gobernador y reconocer su coraje y la clara voluntad pol\u00edtica que con el crimen organizado, con las mafias, no hay pacto posible\u201d.<\/p>\n<p>El gobernador Maximiliano Pullaro encabez\u00f3 un nuevo encuentro de la Mesa de Di\u00e1logo Santafesino. El objetivo fue analizar aspectos relacionados a la seguridad p\u00fablica, fundamentalmente. Vale recordar que d\u00edas atr\u00e1s, la entidad emiti\u00f3 un comunicado titulado \u201cNi un paso atr\u00e1s\u201d, expresando su apoyo al gobierno provincial en su lucha contra el narcotr\u00e1fico.<\/p>\n<p>Durante la actividad, llevada a cabo en el Sal\u00f3n Blanco de Casa de Gobierno, Pullaro destac\u00f3 que \u201cel desaf\u00edo que tenemos hoy es escucharnos y esforzarnos para comprender el punto de vista del otro. Lamentablemente en Argentina durante muchos a\u00f1os hemos perdido esa capacidad\u201d.<\/p>\n<p>\u201cEn Santa Fe intentamos construir un modelo distinto, en el que valga lo mismo la palabra de uno y la del otro. Prueba de eso es que el gobierno provincial, por primera vez desde 1983, tiene mayor\u00eda en las dos C\u00e1maras y todas las leyes que sacamos, que fueron much\u00edsimas en este per\u00edodo, no fueron impuestas por nuestras mayor\u00edas, sino que fueron enriquecidas por las minor\u00edas. Todos representamos a la sociedad y desde ese lugar es fundamental escucharnos y entender la verdad del otro\u201d, afirm\u00f3 Pullaro.<\/p>\n<p>El Gobernador agradeci\u00f3 la solidaridad de las instituciones \u201cpor lo que est\u00e1 viviendo Santa Fe. Lamentamos profundamente que hayan sucedido cosas tan graves durante tanto tiempo en la provincia. Esto no es un proceso que uno lo pueda medir en un lapso de tiempo determinado; esto pas\u00f3 en los \u00faltimos 25 a\u00f1os, desde que la droga empez\u00f3 a perforar las diferentes estructuras sociales. La impunidad de las organizaciones criminales y la consolidaci\u00f3n de su poder territorial hizo que Rosario entre en un c\u00edrculo de violencia\u201d.<\/p>\n<p>Por \u00faltimo, Pullaro sostuvo que \u201cestamos convencidos del camino que estamos tomando y vamos a seguir peleando fuertemente. El control de la c\u00e1rcel trae aparejado el control de la violencia en la calle. Por eso necesitamos el respaldo de instituciones de la sociedad civil porque es una batalla que no se puede dar en soledad. Y tampoco se puede pactar o volver atr\u00e1s\u201d.<\/p>\n<p>En la oportunidad, el secretario General, Juan Cruz C\u00e1ndido, agreg\u00f3: \u201cNosotros entendemos que no hay pol\u00edtica p\u00fablica que pueda sostenerse en el tiempo, que pueda durar, que pueda tener legitimidad, si no se construye en conjunto, entre el Estado, pero tambi\u00e9n y fundamentalmente con la participaci\u00f3n de la sociedad civil, de sus instituciones representativas\u201d.<\/p>\n<p><strong>Ni un paso atr\u00e1s<\/strong><\/p>\n<p>Por su parte, el rector de la UCSF y presidente Pro Tempore de la Mesa del Di\u00e1logo, Eugenio Mart\u00edn De Palma, sostuvo: \u201cQuisimos, con nuestra presencia poder solidarizarnos con el Gobernador y reconocer su coraje y la clara voluntad pol\u00edtica que con el crimen organizado, con las mafias, no hay pacto posible, sino que hay una firme decisi\u00f3n del Estado, de la Constituci\u00f3n y de la ley. Todas las instituciones que conformamos la Mesa del Di\u00e1logo le manifestamos nuestro apoyo y reconocer esa decisi\u00f3n tan clara que ha tomado el Gobernador, coincidiendo con el lema \u2018ni un paso atr\u00e1s\u2019\u201d.<\/p>\n<p>Finalmente, el secretario del espacio y secretario de Relaciones Institucionales de la UNL, Javier Aga, consider\u00f3 la reuni\u00f3n como \u201cmuy positiva\u201d y destac\u00f3: \u201cMe quedo con una frase muy importante que tanto el Gobernador, como su Secretario General, dijeron: no hay pol\u00edtica de Estado si no hay una recepci\u00f3n y un apoyo por parte de la sociedad civil organizada. Eso es muy importante. Y tambi\u00e9n las palabras del cierre del Gobernador, que convoc\u00f3 a que tengamos reuniones peri\u00f3dicas, no solamente con \u00e9l, sino tambi\u00e9n con todas las \u00e1reas, particularmente educaci\u00f3n\u201d.<\/p>\n<p>Asistieron al encuentro, adem\u00e1s: el rector de la Universidad Nacional del Litoral, Enrique Mammarella, y el decano de la UTN, Facultad Regional Santa Fe, Eduardo Donnet.<\/p>\n<p>Las instituciones de la sociedad civil que conforman la \u201cMesa del Di\u00e1logo\u201d son los credos, Iglesia Cat\u00f3lica Apost\u00f3lica Romana, Consejo de Pastores Evang\u00e9licos, DAIA. la Comunidad Isl\u00e1mica, la Universidad Nacional del Litoral, Universidad Cat\u00f3lica de Santa Fe, Facultad Regional Santa Fe-Universidad Tecnol\u00f3gica Nacional; la Uni\u00f3n Industrial Santa Fe, Bolsa de Comercio de Santa Fe, C\u00e1mara de Comercio Exterior de Santa Fe, Centro Comercial de Santa Fe, Sociedad Rural de Santa Fe, Confederaci\u00f3n General del Trabajo \u2013 Regional Santa Fe, C\u00e1mara Argentina de la Construcci\u00f3n-Delegaci\u00f3n Santa Fe, Pastoral Social de la Arquidi\u00f3cesis de Santa Fe, Asociaci\u00f3n Conciencia, Asociaci\u00f3n Dirigentes de Empresas.<\/p>\n","protected":false},"excerpt":{"rendered":"<p>El objetivo fue analizar la coyuntura de la seguridad p\u00fablica. \u201cEstamos convencidos del camino que estamos tomando y vamos a seguir peleando fuertemente. Necesitamos el respaldo de instituciones de la sociedad civil porque es una batalla que no se puede dar sola\u201d, afirm\u00f3 Pullaro. Desde la Mesa de Di\u00e1logo se apunt\u00f3 que \u201cquer\u00edamos solidarizarnos con [&hellip;]<\/p>\n","protected":false},"author":3,"featured_media":51050,"comment_status":"closed","ping_status":"closed","sticky":false,"template":"","format":"standard","meta":{"_joinchat":[],"footnotes":""},"categories":[60],"tags":[],"class_list":{"0":"post-51049","1":"post","2":"type-post","3":"status-publish","4":"format-standard","5":"has-post-thumbnail","7":"category-provinciales"},"_links":{"self":[{"href":"https:\/\/infovera.com.ar\/web\/wp-json\/wp\/v2\/posts\/51049","targetHints":{"allow":["GET"]}}],"collection":[{"href":"https:\/\/infovera.com.ar\/web\/wp-json\/wp\/v2\/posts"}],"about":[{"href":"https:\/\/infovera.com.ar\/web\/wp-json\/wp\/v2\/types\/post"}],"author":[{"embeddable":true,"href":"https:\/\/infovera.com.ar\/web\/wp-json\/wp\/v2\/users\/3"}],"replies":[{"embeddable":true,"href":"https:\/\/infovera.com.ar\/web\/wp-json\/wp\/v2\/comments?post=51049"}],"version-history":[{"count":0,"href":"https:\/\/infovera.com.ar\/web\/wp-json\/wp\/v2\/posts\/51049\/revisions"}],"wp:featuredmedia":[{"embeddable":true,"href":"https:\/\/infovera.com.ar\/web\/wp-json\/wp\/v2\/media\/51050"}],"wp:attachment":[{"href":"https:\/\/infovera.com.ar\/web\/wp-json\/wp\/v2\/media?parent=51049"}],"wp:term":[{"taxonomy":"category","embeddable":true,"href":"https:\/\/infovera.com.ar\/web\/wp-json\/wp\/v2\/categories?post=51049"},{"taxonomy":"post_tag","embeddable":true,"href":"https:\/\/infovera.com.ar\/web\/wp-json\/wp\/v2\/tags?post=51049"}],"curies":[{"name":"wp","href":"https:\/\/api.w.org\/{rel}","templated":true}]}}