{"id":50961,"date":"2024-03-26T12:34:55","date_gmt":"2024-03-26T15:34:55","guid":{"rendered":"https:\/\/infovera.com.ar\/web\/?p=50961"},"modified":"2024-03-27T10:50:05","modified_gmt":"2024-03-27T13:50:05","slug":"otorgaron-a-jesica-morales-el-beneficio-de-libertad-con-restricciones","status":"publish","type":"post","link":"https:\/\/infovera.com.ar\/web\/2024\/03\/26\/otorgaron-a-jesica-morales-el-beneficio-de-libertad-con-restricciones\/","title":{"rendered":"Otorgaron a J\u00e9sica Morales el beneficio de libertad con restricciones"},"content":{"rendered":"<p>La imputada por encubrir el crimen sangriento del polic\u00eda Ariel \u201cAndresito\u201d Aguirre recuper\u00f3 la libertad con restricciones en la ma\u00f1ana de este martes en una audiencia de revisi\u00f3n de medida cautelar presidida por el juez Gustavo Gon, desarrollada en la Oficina de Gesti\u00f3n Judicial de los Tribunales de Vera.<\/p>\n<p>J\u00e9sica Bel\u00e9n Morales cumpl\u00eda prisi\u00f3n preventiva desde el momento del hecho ocurrido en la localidad de Margarita (Dpto. Vera) el 2 de octubre de 2023.<\/p>\n<p>Por moci\u00f3n de la defensa representada por abogados de un estudio privado de la ciudad, el juez Gon resolvi\u00f3 otorgarle la libertad con restricciones y dispuso que cumpla reglas de conducta: obligaci\u00f3n de presentarse semanalmente en la comisar\u00eda, designaci\u00f3n de guardador, prohibici\u00f3n de comunicaci\u00f3n con la familia de la v\u00edctima y el coimputado, obligaci\u00f3n de presentarse cuando sea citada. Represent\u00f3 al MPA el fiscal Valent\u00edn Here\u00f1\u00fa.<\/p>\n<p>Adem\u00e1s, le prohibi\u00f3 el ingreso a Margarita, comunidad que a\u00fan sigue conmocionada por el cruento asesinato del polic\u00eda que prestaba servicios en Tostado.<\/p>\n<p>Morales fue encartada d\u00edas despu\u00e9s del suceso por ayudar a limpiar la escena del hecho al principal acusado del homicidio, Alexis Franco, a quien fiscal\u00eda le atribuy\u00f3 haber dado muerte al numerario policial con 7 pu\u00f1aladas asestadas con un cuchillo de 17 cent\u00edmetros de hoja, arma que fue hallada y secuestrada por los investigadores.<\/p>\n<p>La familia de la v\u00edctima se hab\u00eda opuesto a que Morales, que fij\u00f3 domicilio en Calchaqu\u00ed, dejara de estar tras las rejas. Y anunci\u00f3 que prepara una marcha para exigir justicia.<\/p>\n<p><strong>En el coraz\u00f3n<\/strong><\/p>\n<p>El 5 de octubre del a\u00f1o pasado, tres d\u00edas despu\u00e9s del crimen, la fiscal\u00eda sindic\u00f3 a Franco, mec\u00e1nico de 28 a\u00f1os, por haber dado muerte al numerario policial alrededor de las 11:15 con un cuchillo. El furibundo ataque le caus\u00f3 a la v\u00edctima 7 heridas en t\u00f3rax, cuello y axila, dos de las cuales fueron determinantes para su muerte ya que dieron en el coraz\u00f3n.<\/p>\n<p>Para el MPA, se perpetr\u00f3 en el interior del domicilio del presunto homicida, que tras agredir f\u00edsicamente a Aguirre subi\u00f3 su cuerpo en el asiento trasero de su auto, lo coloc\u00f3 en posici\u00f3n fetal, con su cabeza al piso, el pie y la espalda en el asiento, y lo traslad\u00f3 hacia la zona rural de Margarita.<\/p>\n<p>Una vez en un punto situado cuatro kil\u00f3metros al oeste del pueblo, denominado Campo Consejo, procedi\u00f3 a incendiar el veh\u00edculo con el cuerpo de Aguirre en el interior, aunque fortuitamente no se cumpli\u00f3 su cometido.<\/p>\n<p><strong>Manchas de sangre<\/strong><\/p>\n<p>Para el fiscal Alejandro Rodr\u00edguez, que actu\u00f3 en la audiencia imputativa, el imputado luego llam\u00f3 a su amiga, J\u00e9sica Morales, para que lo fuera a buscar, pedido que la mujer realiz\u00f3 en una moto.<\/p>\n<p>Y los apunt\u00f3 penalmente por regresar a la vivienda ubicada en calle Col\u00f3n al 2.047 -donde habr\u00eda sucedido el crimen-, para, entre los dos, destruir evidencia mediante la limpieza de toda la casa.<\/p>\n<p>El representante del MPA confirm\u00f3 que esa morada se recolectaron \u201cmanchas de sangre los elementos utilizados para la limpieza, un balde, un lampazo y un trapo de pizo\u201d.<\/p>\n<p>Desde aquel momento, Franco cumple prisi\u00f3n preventiva sin plazo como probable autor material de homicido en concurso real con da\u00f1o.<\/p>\n","protected":false},"excerpt":{"rendered":"<p>La imputada por encubrir el crimen sangriento del polic\u00eda Ariel \u201cAndresito\u201d Aguirre recuper\u00f3 la libertad con restricciones en la ma\u00f1ana de este martes en una audiencia de revisi\u00f3n de medida cautelar presidida por el juez Gustavo Gon, desarrollada en la Oficina de Gesti\u00f3n Judicial de los Tribunales de Vera. J\u00e9sica Bel\u00e9n Morales cumpl\u00eda prisi\u00f3n preventiva [&hellip;]<\/p>\n","protected":false},"author":3,"featured_media":50955,"comment_status":"closed","ping_status":"closed","sticky":false,"template":"","format":"standard","meta":{"_joinchat":[],"footnotes":""},"categories":[30,53],"tags":[],"class_list":{"0":"post-50961","1":"post","2":"type-post","3":"status-publish","4":"format-standard","5":"has-post-thumbnail","7":"category-policiales","8":"category-vera"},"_links":{"self":[{"href":"https:\/\/infovera.com.ar\/web\/wp-json\/wp\/v2\/posts\/50961","targetHints":{"allow":["GET"]}}],"collection":[{"href":"https:\/\/infovera.com.ar\/web\/wp-json\/wp\/v2\/posts"}],"about":[{"href":"https:\/\/infovera.com.ar\/web\/wp-json\/wp\/v2\/types\/post"}],"author":[{"embeddable":true,"href":"https:\/\/infovera.com.ar\/web\/wp-json\/wp\/v2\/users\/3"}],"replies":[{"embeddable":true,"href":"https:\/\/infovera.com.ar\/web\/wp-json\/wp\/v2\/comments?post=50961"}],"version-history":[{"count":0,"href":"https:\/\/infovera.com.ar\/web\/wp-json\/wp\/v2\/posts\/50961\/revisions"}],"wp:featuredmedia":[{"embeddable":true,"href":"https:\/\/infovera.com.ar\/web\/wp-json\/wp\/v2\/media\/50955"}],"wp:attachment":[{"href":"https:\/\/infovera.com.ar\/web\/wp-json\/wp\/v2\/media?parent=50961"}],"wp:term":[{"taxonomy":"category","embeddable":true,"href":"https:\/\/infovera.com.ar\/web\/wp-json\/wp\/v2\/categories?post=50961"},{"taxonomy":"post_tag","embeddable":true,"href":"https:\/\/infovera.com.ar\/web\/wp-json\/wp\/v2\/tags?post=50961"}],"curies":[{"name":"wp","href":"https:\/\/api.w.org\/{rel}","templated":true}]}}