{"id":50951,"date":"2024-03-26T11:49:48","date_gmt":"2024-03-26T14:49:48","guid":{"rendered":"https:\/\/infovera.com.ar\/web\/?p=50951"},"modified":"2024-03-26T14:05:25","modified_gmt":"2024-03-26T17:05:25","slug":"camion-sin-papeles-en-tartagal-y-robos-aclarados-en-calchaqui-y-la-gallareta","status":"publish","type":"post","link":"https:\/\/infovera.com.ar\/web\/2024\/03\/26\/camion-sin-papeles-en-tartagal-y-robos-aclarados-en-calchaqui-y-la-gallareta\/","title":{"rendered":"Cami\u00f3n sin papeles en Tartagal y robos aclarados en Calchaqu\u00ed y La Gallareta"},"content":{"rendered":"<p>Hechos policiales acaecidos en las \u00faltimos horas.<\/p>\n<p>CALCHAQUI &#8211; HALLAZGO BICICLETA SUSTRAIDA<\/p>\n<p>En la jornada del lunes, a ra\u00edz de una denuncia radicada por una mujer domiciliada en ese medio, quien diera cuenta sobre la sustracci\u00f3n de su BICICLETA MARCA SLP RODADO 29, COLOR BLANCA, no contando al momento de la sustracci\u00f3n con medidas de seguridad, funcionarios policiales en circunstancias de encontrarse efectuando patrullajes por la ciudad, visualizaron el birrodado en al v\u00eda publica en estado de abandono, raz\u00f3n por lo que procedieron al secuestro preventivo. Posteriormente, fue entregada a su propietaria.<\/p>\n<p>LA GALLARETA &#8211; ESCLARECIMIENTO DE HURTO<\/p>\n<p>Tambi\u00e9n el lunes, efectivos de la Comisaria 5ta., a ra\u00edz de tomar conocimiento sobre la comisi\u00f3n de un hecho il\u00edcito en la que resultarla damnificada una mujer con la sustracci\u00f3n de prendas de vestir y otros objetos, de diligencias investigativas procedieron a la requisa en un domicilio de ese medio y al secuestro preventivo de los elementos denunciados como sustra\u00eddos; siendo presumiblemente autor del il\u00edcito un joven de a\u00f1os de 22 a\u00f1os, quien fue aprehendido y trasladado a sede policial. Se dio conocimiento al fiscal en turno quien orden\u00f3 diligencias a seguir.-<\/p>\n<p>TARTAGAL &#8211; CAMI\u00d3N SECUESTRADO<\/p>\n<p>Este martes, agentes policiales que efectuaban un control vehicular en inmediaciones de Ruta 31 y la 96, a 1.500 metros de lalocalidad, detuvieron la marcha de un cami\u00f3n marca Mercedes Benz, con acoplado, transportando 30 toneladas de ma\u00edz a granel.<\/p>\n<p>Consultado por la documentaci\u00f3n correspondiente, su conductor, un hombre de 32 a\u00f1os, domiciliado en Villa Angela, Chaco, los uniformados comprobaron que la patente no pose\u00eda CTG activo, motivo por el cual procedieron al secuestro preventivo, acompa\u00f1ado por el conductor del veh\u00edculo a quien se notific\u00f3 de la presunta infracci\u00f3n.<\/p>\n<p>Consultado el fiscal en turno, se hizo entrega del secuestro en calidad de Dep\u00f3sito Judicial al camionero.<\/p>\n","protected":false},"excerpt":{"rendered":"<p>Hechos policiales acaecidos en las \u00faltimos horas. CALCHAQUI &#8211; HALLAZGO BICICLETA SUSTRAIDA En la jornada del lunes, a ra\u00edz de una denuncia radicada por una mujer domiciliada en ese medio, quien diera cuenta sobre la sustracci\u00f3n de su BICICLETA MARCA SLP RODADO 29, COLOR BLANCA, no contando al momento de la sustracci\u00f3n con medidas de [&hellip;]<\/p>\n","protected":false},"author":3,"featured_media":50952,"comment_status":"closed","ping_status":"closed","sticky":false,"template":"","format":"standard","meta":{"_joinchat":[],"footnotes":""},"categories":[51,30],"tags":[],"class_list":{"0":"post-50951","1":"post","2":"type-post","3":"status-publish","4":"format-standard","5":"has-post-thumbnail","7":"category-locales","8":"category-policiales"},"_links":{"self":[{"href":"https:\/\/infovera.com.ar\/web\/wp-json\/wp\/v2\/posts\/50951","targetHints":{"allow":["GET"]}}],"collection":[{"href":"https:\/\/infovera.com.ar\/web\/wp-json\/wp\/v2\/posts"}],"about":[{"href":"https:\/\/infovera.com.ar\/web\/wp-json\/wp\/v2\/types\/post"}],"author":[{"embeddable":true,"href":"https:\/\/infovera.com.ar\/web\/wp-json\/wp\/v2\/users\/3"}],"replies":[{"embeddable":true,"href":"https:\/\/infovera.com.ar\/web\/wp-json\/wp\/v2\/comments?post=50951"}],"version-history":[{"count":0,"href":"https:\/\/infovera.com.ar\/web\/wp-json\/wp\/v2\/posts\/50951\/revisions"}],"wp:featuredmedia":[{"embeddable":true,"href":"https:\/\/infovera.com.ar\/web\/wp-json\/wp\/v2\/media\/50952"}],"wp:attachment":[{"href":"https:\/\/infovera.com.ar\/web\/wp-json\/wp\/v2\/media?parent=50951"}],"wp:term":[{"taxonomy":"category","embeddable":true,"href":"https:\/\/infovera.com.ar\/web\/wp-json\/wp\/v2\/categories?post=50951"},{"taxonomy":"post_tag","embeddable":true,"href":"https:\/\/infovera.com.ar\/web\/wp-json\/wp\/v2\/tags?post=50951"}],"curies":[{"name":"wp","href":"https:\/\/api.w.org\/{rel}","templated":true}]}}