{"id":50871,"date":"2024-03-23T16:44:13","date_gmt":"2024-03-23T19:44:13","guid":{"rendered":"https:\/\/infovera.com.ar\/web\/?p=50871"},"modified":"2024-03-23T16:44:13","modified_gmt":"2024-03-23T19:44:13","slug":"talller-sobre-bosques-nativos-en-las-gamas","status":"publish","type":"post","link":"https:\/\/infovera.com.ar\/web\/2024\/03\/23\/talller-sobre-bosques-nativos-en-las-gamas\/","title":{"rendered":"Talller sobre Bosques Nativos en Las Gamas"},"content":{"rendered":"<div class=\"xdj266r x11i5rnm xat24cr x1mh8g0r x1vvkbs x126k92a\">\n<div dir=\"auto\">El taller esta dirigido a titulares de bosques nativos, t\u00e9cnicos formuladores de Planes de Manejo y\/o Conservaci\u00f3n de Bosques Nativo en el marco de la Ley N\u00b0 26.331, y p\u00fablico interesado en la tem\u00e1tica.<\/div>\n<\/div>\n<div class=\"x11i5rnm xat24cr x1mh8g0r x1vvkbs xtlvy1s x126k92a\">\n<div dir=\"auto\"><\/div>\n<div dir=\"auto\">En el mismo se abordar\u00e1n aspectos normativos y metodol\u00f3gicos necesarios para la presentaci\u00f3n de planes de Bosques Nativos en territorio provincial.<\/div>\n<div dir=\"auto\"><\/div>\n<div dir=\"auto\">El taller se realizar\u00e1 el Martes 26 de marzo, en la Estancia Las Gamas, Vera (<a class=\"x1i10hfl xjbqb8w x1ejq31n xd10rxx x1sy0etr x17r0tee x972fbf xcfux6l x1qhh985 xm0m39n x9f619 x1ypdohk xt0psk2 xe8uvvx xdj266r x11i5rnm xat24cr x1mh8g0r xexx8yu x4uap5 x18d9i69 xkhd6sd x16tdsg8 x1hl2dhg xggy1nq x1a2a7pz xt0b8zv x1fey0fg\" tabindex=\"0\" role=\"link\" href=\"https:\/\/goo.gl\/maps\/BEdKsVpHwkZiK7vy7?fbclid=IwAR3aN5YBFKgus78vAKGHNcN7-E4jnNsPwILcgar7CWFd5RYoE8iIEgR9rXE\" target=\"_blank\" rel=\"nofollow noopener noreferrer\">https:\/\/goo.gl\/maps\/BEdKsVpHwkZiK7vy7<\/a>) de 8:30 a 16.30 hs.<\/div>\n<div dir=\"auto\"><\/div>\n<\/div>\n<div class=\"x11i5rnm xat24cr x1mh8g0r x1vvkbs xtlvy1s x126k92a\">\n<div dir=\"auto\">La participaci\u00f3n es gratuita. Los interesados deber\u00e1n inscribirse previamente en el siguiente link<\/div>\n<div dir=\"auto\"><a class=\"x1i10hfl xjbqb8w x1ejq31n xd10rxx x1sy0etr x17r0tee x972fbf xcfux6l x1qhh985 xm0m39n x9f619 x1ypdohk xt0psk2 xe8uvvx xdj266r x11i5rnm xat24cr x1mh8g0r xexx8yu x4uap5 x18d9i69 xkhd6sd x16tdsg8 x1hl2dhg xggy1nq x1a2a7pz xt0b8zv x1fey0fg\" tabindex=\"0\" role=\"link\" href=\"https:\/\/docs.google.com\/forms\/d\/1ncl74-N-dMcPUkMCZ0Hu2rNDfnXpVyqao-ubW8MEUPY\/edit?fbclid=IwAR11DBSRPQYDkNP0q3xv_PbZvGsivaRboBJ4dT8fsWVEh1V3GOS1PjiLvf4\" target=\"_blank\" rel=\"nofollow noopener noreferrer\">https:\/\/docs.google.com\/&#8230;\/1ncl74-N&#8230;\/edit<\/a><\/div>\n<\/div>\n","protected":false},"excerpt":{"rendered":"<p>El taller esta dirigido a titulares de bosques nativos, t\u00e9cnicos formuladores de Planes de Manejo y\/o Conservaci\u00f3n de Bosques Nativo en el marco de la Ley N\u00b0 26.331, y p\u00fablico interesado en la tem\u00e1tica. En el mismo se abordar\u00e1n aspectos normativos y metodol\u00f3gicos necesarios para la presentaci\u00f3n de planes de Bosques Nativos en territorio provincial. [&hellip;]<\/p>\n","protected":false},"author":3,"featured_media":7987,"comment_status":"closed","ping_status":"closed","sticky":false,"template":"","format":"standard","meta":{"_joinchat":[],"footnotes":""},"categories":[53],"tags":[],"class_list":{"0":"post-50871","1":"post","2":"type-post","3":"status-publish","4":"format-standard","5":"has-post-thumbnail","7":"category-vera"},"_links":{"self":[{"href":"https:\/\/infovera.com.ar\/web\/wp-json\/wp\/v2\/posts\/50871","targetHints":{"allow":["GET"]}}],"collection":[{"href":"https:\/\/infovera.com.ar\/web\/wp-json\/wp\/v2\/posts"}],"about":[{"href":"https:\/\/infovera.com.ar\/web\/wp-json\/wp\/v2\/types\/post"}],"author":[{"embeddable":true,"href":"https:\/\/infovera.com.ar\/web\/wp-json\/wp\/v2\/users\/3"}],"replies":[{"embeddable":true,"href":"https:\/\/infovera.com.ar\/web\/wp-json\/wp\/v2\/comments?post=50871"}],"version-history":[{"count":0,"href":"https:\/\/infovera.com.ar\/web\/wp-json\/wp\/v2\/posts\/50871\/revisions"}],"wp:featuredmedia":[{"embeddable":true,"href":"https:\/\/infovera.com.ar\/web\/wp-json\/wp\/v2\/media\/7987"}],"wp:attachment":[{"href":"https:\/\/infovera.com.ar\/web\/wp-json\/wp\/v2\/media?parent=50871"}],"wp:term":[{"taxonomy":"category","embeddable":true,"href":"https:\/\/infovera.com.ar\/web\/wp-json\/wp\/v2\/categories?post=50871"},{"taxonomy":"post_tag","embeddable":true,"href":"https:\/\/infovera.com.ar\/web\/wp-json\/wp\/v2\/tags?post=50871"}],"curies":[{"name":"wp","href":"https:\/\/api.w.org\/{rel}","templated":true}]}}