{"id":50817,"date":"2024-03-20T15:38:20","date_gmt":"2024-03-20T18:38:20","guid":{"rendered":"https:\/\/infovera.com.ar\/web\/?p=50817"},"modified":"2024-03-22T08:21:46","modified_gmt":"2024-03-22T11:21:46","slug":"amra-reclamo-soluciones-para-las-problematicas-de-las-guardias-medicas-y-la-sala-de-clinica-de-calchaqui-y-vera","status":"publish","type":"post","link":"https:\/\/infovera.com.ar\/web\/2024\/03\/20\/amra-reclamo-soluciones-para-las-problematicas-de-las-guardias-medicas-y-la-sala-de-clinica-de-calchaqui-y-vera\/","title":{"rendered":"AMRA reclam\u00f3 soluciones para la problem\u00e1tica de la sala cl\u00ednica del Hospital de Vera"},"content":{"rendered":"<p>El d\u00eda 19 de marzo se concret\u00f3 en la sede del Nodo Reconquista una reuni\u00f3n entre las autoridades ministeriales de Salud de la provincia con representantes de la Seccional Santa Fe Norte de la Asociaci\u00f3n de M\u00e9dicos de la Rep\u00fablica Argentina.<\/p>\n<p>Participaron de la misma la jefa del Nodo Reconquista, Dra. Luciana Ramoa,; el Dr. Horacio Burgos; y la Dra Valentina Sainz.<\/p>\n<p>En representaci\u00f3n de AMRA estuvieron presentes lo doctores Sandra Barbieri, Luisina Pretto, Carla Carta, Carlos Schaffer, Oscar Enrique y Juan Pablo Serrano.<\/p>\n<p>Los funcionarios provinciales y los represetantes gremiales abordaron los siguientes puntos, que afectan la prestaci\u00f3n del servicio de salud en hospitales del norte: <strong>cobertura de guardias del Hospital de Calchaqu\u00ed,<\/strong> servicio de Urolog\u00eda de Reconquista, protocolo de violencia laboral, <strong>la situaci\u00f3n de la Sala de Cl\u00ednica M\u00e9dica del Hospital de Vera<\/strong> y el pago de equiparaci\u00f3n salarial a los contratados.<\/p>\n","protected":false},"excerpt":{"rendered":"<p>El d\u00eda 19 de marzo se concret\u00f3 en la sede del Nodo Reconquista una reuni\u00f3n entre las autoridades ministeriales de Salud de la provincia con representantes de la Seccional Santa Fe Norte de la Asociaci\u00f3n de M\u00e9dicos de la Rep\u00fablica Argentina. Participaron de la misma la jefa del Nodo Reconquista, Dra. Luciana Ramoa,; el Dr. [&hellip;]<\/p>\n","protected":false},"author":3,"featured_media":0,"comment_status":"closed","ping_status":"closed","sticky":false,"template":"","format":"standard","meta":{"_joinchat":[],"footnotes":""},"categories":[53],"tags":[],"class_list":{"0":"post-50817","1":"post","2":"type-post","3":"status-publish","4":"format-standard","6":"category-vera"},"_links":{"self":[{"href":"https:\/\/infovera.com.ar\/web\/wp-json\/wp\/v2\/posts\/50817","targetHints":{"allow":["GET"]}}],"collection":[{"href":"https:\/\/infovera.com.ar\/web\/wp-json\/wp\/v2\/posts"}],"about":[{"href":"https:\/\/infovera.com.ar\/web\/wp-json\/wp\/v2\/types\/post"}],"author":[{"embeddable":true,"href":"https:\/\/infovera.com.ar\/web\/wp-json\/wp\/v2\/users\/3"}],"replies":[{"embeddable":true,"href":"https:\/\/infovera.com.ar\/web\/wp-json\/wp\/v2\/comments?post=50817"}],"version-history":[{"count":0,"href":"https:\/\/infovera.com.ar\/web\/wp-json\/wp\/v2\/posts\/50817\/revisions"}],"wp:attachment":[{"href":"https:\/\/infovera.com.ar\/web\/wp-json\/wp\/v2\/media?parent=50817"}],"wp:term":[{"taxonomy":"category","embeddable":true,"href":"https:\/\/infovera.com.ar\/web\/wp-json\/wp\/v2\/categories?post=50817"},{"taxonomy":"post_tag","embeddable":true,"href":"https:\/\/infovera.com.ar\/web\/wp-json\/wp\/v2\/tags?post=50817"}],"curies":[{"name":"wp","href":"https:\/\/api.w.org\/{rel}","templated":true}]}}