{"id":50801,"date":"2024-03-20T13:01:15","date_gmt":"2024-03-20T16:01:15","guid":{"rendered":"https:\/\/infovera.com.ar\/web\/?p=50801"},"modified":"2024-03-21T12:30:18","modified_gmt":"2024-03-21T15:30:18","slug":"la-ministra-de-desarrollo-social-entrego-escrituras-a-familias-de-vera-intiyaco-gallareta-y-margarita","status":"publish","type":"post","link":"https:\/\/infovera.com.ar\/web\/2024\/03\/20\/la-ministra-de-desarrollo-social-entrego-escrituras-a-familias-de-vera-intiyaco-gallareta-y-margarita\/","title":{"rendered":"La ministra de Desarrollo Social entreg\u00f3 escrituras a familias de Vera, Intiyaco, Gallareta y Margarita"},"content":{"rendered":"<p>Victoria Tejeda encabez\u00f3 el acto del que participaron la intendente Paula Mitre, el senador Osvaldo Sosa, los diputados Sergio Rojas y Dionisio Scarpin, los presidentes comunales Fernando Nicola, Ariel Bola\u00f1o, concejales, funcionarios provinciales y familias que recibieron las escrituras y p\u00fablico en general.<\/p>\n<p>En el Club de Abuelos se llev\u00f3 a cabo la ceremonia de entrega de escrituras a familias de Intiyaco, Gallareta, Margarita y Vera. En total, fueron 60 t\u00edtulos de propiedad que se enmarcan en el Programa de Escrituraci\u00f3n de Viviendas FONAVI.<\/p>\n<p>La escritura es el documento legal que otorga seguridad jur\u00eddica a las familias, ya que una vez inscripta en el Registro General de la Propiedad de la Provincia de Santa Fe, hace efectivo el dominio sobre el inmueble por parte de los adjudicatarios, brindando a los mismos la posibilidad de vender, transferir, heredar el inmueble, usarlo como garant\u00eda y\/o solicitar servicios. Las escrituras se otorgan sin costo para el adjudicatario sin la necesidad de presentar libre deuda de impuestos.<\/p>\n<p>La escrituraci\u00f3n surge del trabajo mancomunado del Gobierno Provincial con Municipios, Comunas, Colegios de Escribanos y Colegio de Agrimensores de la Provincia de Santa Fe.<br \/>\nDesde el 2007 a la fecha, el Gobierno Provincial concret\u00f3 la adjudicaci\u00f3n de m\u00e1s de 39.000 t\u00edtulos de propiedad a lo largo y a lo ancho de la provincia<\/p>\n<p>El mensaje de bienvenida estuvo a cargo de la mandataria local, quien agradeci\u00f3 a los presentes por &#8220;poder acompa\u00f1arnos a todos ustedes hoy en este d\u00eda tan significativo para tantas familias de Vera y del departamento. Hoy es un d\u00eda que se materializa un sue\u00f1o largamente acariciado para ustedes: el de poder tener el t\u00edtulo que les otorga cada uno de ustedes, el dominio en la titularidad de su vivienda ,un lugar que como todo ser humano y toda persona anhela donde poder vivir, desarrollarse, cumplir sus proyectos&#8221;.<\/p>\n<p>Mitre agreg\u00f3 que se trata de &#8220;un lugar que no es solamente un techo y unas mismas paredes, sino que es un espacio donde ustedes forman su familia cumplen sus prop\u00f3sitos, sus proyectos donde seguramente deben crecer a sus hijos, a sus familias por lo tanto hoy comparto su alegr\u00eda, es un d\u00eda realmente muy importante para todos ustedes&#8221;.<\/p>\n<p>Luego, destac\u00f3 la presencia del la ministra de Igualdad y Desarrollo Humano, Victoria Tejeda, de todo su equipo que &#8220;se encuentra presente por hacer realidad esta posibilidad muchas gracias porque para llegar al d\u00eda de hoy y poder tener las escrituras culminadas y listas para entregar; trabajaron muchas personas es un tr\u00e1mite que lleva tiempo, tiene un proceso bastante complejo y tambi\u00e9n quiero reconocer el trabajo de todas aquellas personas que han intervenido en este procedimiento&#8221;.<\/p>\n<p><strong>&#8220;Un orgullo&#8221;<\/strong><\/p>\n<p>A su turno, el senador Osvaldo Sosa dijo que &#8220;un orgullo estar aqu\u00ed, que el gobierno de la provincia con la representaci\u00f3n la ministra Victoria Tejeda me haya invitado para la concreci\u00f3n de muchos sue\u00f1os. Esas paredes que comenzaron siendo una vivienda son hogares que cumplen un paso m\u00e1s, tienen lla posesi\u00f3n de ellas de manera tal que creo que es el broche de oro de lo que ustedes necesitaban y es un trabajo que se viene llevando adelante desde hace tiempo y que se complet\u00f3 en esta oportunidad&#8221;.\u00e7<\/p>\n<p>&#8220;Con Victoria tenemos una amistad que naci\u00f3 en el trabajo y eso para nosotros dos es muy importante, as\u00ed que bueno sean muy felices&#8221;, culmin\u00f3.<\/p>\n<p><strong>Sue\u00f1os cumplidos<\/strong><\/p>\n<p>Para finalizar la ronda discursiva, la titular de cartera social de la provincial expres\u00f3 que &#8220;lo dec\u00edan la intendenta el senador, primero quiero darle tambi\u00e9n el saludo del gobernador Maximiliano Pullaro y agradecerles por el aguante, por el tiempo y la generosidad. Hoy los m\u00e1s cansados son ustedes, cuando empecemos a mirar la escritura seguramente nos van a decir hace m\u00e1s de 5 a\u00f1os, hace m\u00e1s de 10 a\u00f1os, hemos encontrado a una se\u00f1ora Rafaela que nos dijo 33 a\u00f1os que estaba esperando la escritura&#8221;.<\/p>\n<p>La funcionaria puso en valor que &#8220;hablar de escritura no es hablar de papel, no es hablar de un escrito, es hablar de sue\u00f1os, es hablar de compromisos, es hablar de esfuerzo cuantos d\u00edas se han levantado para esforzarse para lograr tener su casa y ahora no es solamente tener su casa, es tener la tranquilidad de que lo que es de ustedes va a seguir siendo de ustedes o de quien ustedes quieran, es tambi\u00e9n tener la tranquilidad de que le van a poder dejar algo a sus hijos o sus hijas&#8221;.<\/p>\n<p>Tejeda indic\u00f3 que &#8220;los tiempos que estamos viviendo hoy son dif\u00edciles para todos&#8221;, y destac\u00f3 lo importante de, en ese marco, &#8220;tener esta alegr\u00eda que es una pol\u00edtica p\u00fablica del gobierno de la provincia de Santa Fe que se puede ejecutar, que podamos acompa\u00f1ar a los vecinos y vecinas de nuestra provincia a partir de esta pol\u00edtica p\u00fablica y gratuita y que es un derecho. Nosotros vamos a seguir trabajando por los derechos de todos los santafesinos, que saben que pueden contar con este gobierno provincial&#8221;.<\/p>\n<p>Por \u00faltimo, brind\u00f3 su agredecimiento por &#8220;el trabajo que han hecho los municipios y comunas, porque no es solamente el gobierno provincial es la articulaci\u00f3n, ustedes saben que llev\u00f3 un tiempo largo porque hay que recabar la documentaci\u00f3n corregir, acompa\u00f1ar y eso lo hacemos en conjunto. Tambi\u00e9n les agradezco a los legisladores que nos est\u00e1n acompa\u00f1ando. Para poder dar respuestas el gobernador, desde el primer d\u00eda, nos pidi\u00f3 estemos presentes, que el Estado vuelva a estar presente en cada una de las localidades de nuestra provincia y eso es lo que estamos haciendo&#8221;.<\/p>\n","protected":false},"excerpt":{"rendered":"<p>Victoria Tejeda encabez\u00f3 el acto del que participaron la intendente Paula Mitre, el senador Osvaldo Sosa, los diputados Sergio Rojas y Dionisio Scarpin, los presidentes comunales Fernando Nicola, Ariel Bola\u00f1o, concejales, funcionarios provinciales y familias que recibieron las escrituras y p\u00fablico en general. En el Club de Abuelos se llev\u00f3 a cabo la ceremonia de [&hellip;]<\/p>\n","protected":false},"author":3,"featured_media":50802,"comment_status":"closed","ping_status":"closed","sticky":false,"template":"","format":"standard","meta":{"_joinchat":[],"footnotes":""},"categories":[53],"tags":[],"class_list":{"0":"post-50801","1":"post","2":"type-post","3":"status-publish","4":"format-standard","5":"has-post-thumbnail","7":"category-vera"},"_links":{"self":[{"href":"https:\/\/infovera.com.ar\/web\/wp-json\/wp\/v2\/posts\/50801","targetHints":{"allow":["GET"]}}],"collection":[{"href":"https:\/\/infovera.com.ar\/web\/wp-json\/wp\/v2\/posts"}],"about":[{"href":"https:\/\/infovera.com.ar\/web\/wp-json\/wp\/v2\/types\/post"}],"author":[{"embeddable":true,"href":"https:\/\/infovera.com.ar\/web\/wp-json\/wp\/v2\/users\/3"}],"replies":[{"embeddable":true,"href":"https:\/\/infovera.com.ar\/web\/wp-json\/wp\/v2\/comments?post=50801"}],"version-history":[{"count":0,"href":"https:\/\/infovera.com.ar\/web\/wp-json\/wp\/v2\/posts\/50801\/revisions"}],"wp:featuredmedia":[{"embeddable":true,"href":"https:\/\/infovera.com.ar\/web\/wp-json\/wp\/v2\/media\/50802"}],"wp:attachment":[{"href":"https:\/\/infovera.com.ar\/web\/wp-json\/wp\/v2\/media?parent=50801"}],"wp:term":[{"taxonomy":"category","embeddable":true,"href":"https:\/\/infovera.com.ar\/web\/wp-json\/wp\/v2\/categories?post=50801"},{"taxonomy":"post_tag","embeddable":true,"href":"https:\/\/infovera.com.ar\/web\/wp-json\/wp\/v2\/tags?post=50801"}],"curies":[{"name":"wp","href":"https:\/\/api.w.org\/{rel}","templated":true}]}}