{"id":50757,"date":"2024-03-18T11:38:07","date_gmt":"2024-03-18T14:38:07","guid":{"rendered":"https:\/\/infovera.com.ar\/web\/?p=50757"},"modified":"2024-03-18T11:38:07","modified_gmt":"2024-03-18T14:38:07","slug":"coronda-control-y-dura-sancion-para-un-empleado-del-servicio-penitenciario-que-quiso-ingresar-celulares","status":"publish","type":"post","link":"https:\/\/infovera.com.ar\/web\/2024\/03\/18\/coronda-control-y-dura-sancion-para-un-empleado-del-servicio-penitenciario-que-quiso-ingresar-celulares\/","title":{"rendered":"Coronda: control y dura sanci\u00f3n para un empleado del servicio penitenciario que quiso ingresar celulares"},"content":{"rendered":"<p>Durante los controles que se realizan a los empleados penitenciarios al comienzo de su turno, detectaron que uno de ellos intent\u00f3 ingresar celulares a la Unidad Penitenciaria N\u00ba 1 de Coronda.<\/p>\n<p>Este fin de semana un efectivo del Servicio Penitenciario Provincial (SPP) fue detenido cuando intentaba ingresar celulares al penal. La situaci\u00f3n se dio cuando el agente ingresaba a su turno, momento en el cual deben pasar por el esc\u00e1ner para controlar la entrada de objetos prohibidos.<\/p>\n<p>En la pantalla del equipo visualizaron los aparatos, lo detuvieron y pusieron en comunicaci\u00f3n a la Justicia para que intervenga.<\/p>\n<p>Desde el Ministerio \u00a0de Justicia y Seguridad de Santa Fe expresaron que la persona fue pasada a disponibilidad y se le iniciaron las actuaciones correspondientes y si corresponde la exoneraci\u00f3n no dudar\u00e1n en aplicarla. De igual manera enfatizaron que seguir\u00e1n de cerca el proceso judicial para dar con las organizaciones criminales que intentan seguir haciendo lo que quieren en las c\u00e1rceles santafesinas. \u201cHay que cuidar a la gente norme mayor\u00eda de los agentes del Servicio Penitenciario que cumplen sus tareas y son a quienes debemos cuidar\u201d, se\u00f1alaron.<\/p>\n<p>Vale destacar que todos los empleados que se presentan a tomar servicio deben pasar por estos controles en los que se detect\u00f3 la irregularidad.<\/p>\n","protected":false},"excerpt":{"rendered":"<p>Durante los controles que se realizan a los empleados penitenciarios al comienzo de su turno, detectaron que uno de ellos intent\u00f3 ingresar celulares a la Unidad Penitenciaria N\u00ba 1 de Coronda. Este fin de semana un efectivo del Servicio Penitenciario Provincial (SPP) fue detenido cuando intentaba ingresar celulares al penal. La situaci\u00f3n se dio cuando [&hellip;]<\/p>\n","protected":false},"author":3,"featured_media":50758,"comment_status":"closed","ping_status":"closed","sticky":false,"template":"","format":"standard","meta":{"_joinchat":[],"footnotes":""},"categories":[60],"tags":[],"class_list":{"0":"post-50757","1":"post","2":"type-post","3":"status-publish","4":"format-standard","5":"has-post-thumbnail","7":"category-provinciales"},"_links":{"self":[{"href":"https:\/\/infovera.com.ar\/web\/wp-json\/wp\/v2\/posts\/50757","targetHints":{"allow":["GET"]}}],"collection":[{"href":"https:\/\/infovera.com.ar\/web\/wp-json\/wp\/v2\/posts"}],"about":[{"href":"https:\/\/infovera.com.ar\/web\/wp-json\/wp\/v2\/types\/post"}],"author":[{"embeddable":true,"href":"https:\/\/infovera.com.ar\/web\/wp-json\/wp\/v2\/users\/3"}],"replies":[{"embeddable":true,"href":"https:\/\/infovera.com.ar\/web\/wp-json\/wp\/v2\/comments?post=50757"}],"version-history":[{"count":0,"href":"https:\/\/infovera.com.ar\/web\/wp-json\/wp\/v2\/posts\/50757\/revisions"}],"wp:featuredmedia":[{"embeddable":true,"href":"https:\/\/infovera.com.ar\/web\/wp-json\/wp\/v2\/media\/50758"}],"wp:attachment":[{"href":"https:\/\/infovera.com.ar\/web\/wp-json\/wp\/v2\/media?parent=50757"}],"wp:term":[{"taxonomy":"category","embeddable":true,"href":"https:\/\/infovera.com.ar\/web\/wp-json\/wp\/v2\/categories?post=50757"},{"taxonomy":"post_tag","embeddable":true,"href":"https:\/\/infovera.com.ar\/web\/wp-json\/wp\/v2\/tags?post=50757"}],"curies":[{"name":"wp","href":"https:\/\/api.w.org\/{rel}","templated":true}]}}