{"id":50709,"date":"2024-03-15T20:08:44","date_gmt":"2024-03-15T23:08:44","guid":{"rendered":"https:\/\/infovera.com.ar\/web\/?p=50709"},"modified":"2024-03-15T20:11:51","modified_gmt":"2024-03-15T23:11:51","slug":"dos-muertos-en-un-impactante-accidente-a-la-altura-de-las-garzass","status":"publish","type":"post","link":"https:\/\/infovera.com.ar\/web\/2024\/03\/15\/dos-muertos-en-un-impactante-accidente-a-la-altura-de-las-garzass\/","title":{"rendered":"Dos muertos en un impactante accidente a la altura de Las Garzas"},"content":{"rendered":"<p>Se toma conocimiento e intervenci\u00f3n en siniestro vial ocurrido en Ruta Nacional 11 Km 832, 300; d\u00f3nde por causas que se tratan de establecer entraron en colisi\u00f3n un autom\u00f3vil NISSAN VERSA, en el cual circulaban femenina de 20 a\u00f1os domiciliada en calle 314 de la ciudad de Avellaneda, y su madre (conductora); y el autom\u00f3vil VW Voyage, conducido por ciudadano de 74 a\u00f1os de Reconquista. Consecuencia del impacto perdieron la vida ambos conductores (una femenina y un masculino), mientras que la restante resulto lesionada y trasladada por el servicio de emergencias 107, hacia el Hospital Regional Reconquista. En raz\u00f3n que ambos rodados se incineraron, se di\u00f3 intervenci\u00f3n a Bomberos Voluntarios de la ciudad de Avellaneda, quienes sofocaron el mismo. Los cuerpos pudieron ser rescatados por vecinos antes de que se propague el fuego. Se comision\u00f3 Grupo T\u00e9cnico Forense, se di\u00f3 aviso al fiscal en turno, y en relaci\u00f3n a los cuerpos ser\u00e1n entregados para su inhumaci\u00f3n.<\/p>\n","protected":false},"excerpt":{"rendered":"<p>Se toma conocimiento e intervenci\u00f3n en siniestro vial ocurrido en Ruta Nacional 11 Km 832, 300; d\u00f3nde por causas que se tratan de establecer entraron en colisi\u00f3n un autom\u00f3vil NISSAN VERSA, en el cual circulaban femenina de 20 a\u00f1os domiciliada en calle 314 de la ciudad de Avellaneda, y su madre (conductora); y el autom\u00f3vil [&hellip;]<\/p>\n","protected":false},"author":3,"featured_media":50710,"comment_status":"closed","ping_status":"closed","sticky":false,"template":"","format":"standard","meta":{"_joinchat":[],"footnotes":""},"categories":[30,61],"tags":[],"class_list":{"0":"post-50709","1":"post","2":"type-post","3":"status-publish","4":"format-standard","5":"has-post-thumbnail","7":"category-policiales","8":"category-regionales"},"_links":{"self":[{"href":"https:\/\/infovera.com.ar\/web\/wp-json\/wp\/v2\/posts\/50709","targetHints":{"allow":["GET"]}}],"collection":[{"href":"https:\/\/infovera.com.ar\/web\/wp-json\/wp\/v2\/posts"}],"about":[{"href":"https:\/\/infovera.com.ar\/web\/wp-json\/wp\/v2\/types\/post"}],"author":[{"embeddable":true,"href":"https:\/\/infovera.com.ar\/web\/wp-json\/wp\/v2\/users\/3"}],"replies":[{"embeddable":true,"href":"https:\/\/infovera.com.ar\/web\/wp-json\/wp\/v2\/comments?post=50709"}],"version-history":[{"count":0,"href":"https:\/\/infovera.com.ar\/web\/wp-json\/wp\/v2\/posts\/50709\/revisions"}],"wp:featuredmedia":[{"embeddable":true,"href":"https:\/\/infovera.com.ar\/web\/wp-json\/wp\/v2\/media\/50710"}],"wp:attachment":[{"href":"https:\/\/infovera.com.ar\/web\/wp-json\/wp\/v2\/media?parent=50709"}],"wp:term":[{"taxonomy":"category","embeddable":true,"href":"https:\/\/infovera.com.ar\/web\/wp-json\/wp\/v2\/categories?post=50709"},{"taxonomy":"post_tag","embeddable":true,"href":"https:\/\/infovera.com.ar\/web\/wp-json\/wp\/v2\/tags?post=50709"}],"curies":[{"name":"wp","href":"https:\/\/api.w.org\/{rel}","templated":true}]}}