{"id":50700,"date":"2024-03-15T18:32:50","date_gmt":"2024-03-15T21:32:50","guid":{"rendered":"https:\/\/infovera.com.ar\/web\/?p=50700"},"modified":"2024-03-17T12:24:34","modified_gmt":"2024-03-17T15:24:34","slug":"ola-de-inseguridad-relevaron-a-la-cupula-de-la-pdi-vera","status":"publish","type":"post","link":"https:\/\/infovera.com.ar\/web\/2024\/03\/15\/ola-de-inseguridad-relevaron-a-la-cupula-de-la-pdi-vera\/","title":{"rendered":"Ola de inseguridad: relevaron a la c\u00fapula de la PDI Vera"},"content":{"rendered":"<p>La seguidilla de robos en la ciudad cabecera del departamento Vera dispar\u00f3 el descabezamiento de la conducci\u00f3n de la Polic\u00eda de Investigaciones en esta ciudad.<\/p>\n<p>Por disposici\u00f3n superior fueron relevados de su cargos quienes hasta ahora ven\u00edan desempe\u00f1\u00e1ndose como jefe y subjefe de la repartici\u00f3n a cargo de investigar los delitos contra los bienes y las personas: el comisario Zamo y su segundo, comiario Zanabria.<\/p>\n<p>Al frente de la oficina local del organismo de seguridad qued\u00f3 el oficial Luis Clement\u00edn. La informaci\u00f3n fue confirmada por fuentes policiales.<\/p>\n<p>En la \u00faltima semana, recrudecieron los reclamos de dirigentes pol\u00edticos distritales y departamentales por el desmejoramiento de la seguridad.<\/p>\n<p>Fue el senador Osvaldo Sosa quien primero advirti\u00f3 la compleja coyuntura e impuls\u00f3 distintas reuniones con fuerzas de seguridad e intendentes, y convoc\u00f3 al fiscal regional Rub\u00e9n Mart\u00ednez para abordar la problem\u00e1tica en la Casa del Senado.<\/p>\n<p>Tambi\u00e9n el concejal verense Mario Souilh\u00e9 pidi\u00f3 a trav\u00e9s de una nota dirigida a la la jefatura de la Unidad Regional XIX &#8220;parar los robos&#8221;, recogiendo as\u00ed clamor de los vecinos de Vera que se muestran hastiados de los hechos de inseguridad.<\/p>\n","protected":false},"excerpt":{"rendered":"<p>La seguidilla de robos en la ciudad cabecera del departamento Vera dispar\u00f3 el descabezamiento de la conducci\u00f3n de la Polic\u00eda de Investigaciones en esta ciudad. Por disposici\u00f3n superior fueron relevados de su cargos quienes hasta ahora ven\u00edan desempe\u00f1\u00e1ndose como jefe y subjefe de la repartici\u00f3n a cargo de investigar los delitos contra los bienes y [&hellip;]<\/p>\n","protected":false},"author":3,"featured_media":50701,"comment_status":"closed","ping_status":"closed","sticky":false,"template":"","format":"standard","meta":{"_joinchat":[],"footnotes":""},"categories":[53],"tags":[],"class_list":{"0":"post-50700","1":"post","2":"type-post","3":"status-publish","4":"format-standard","5":"has-post-thumbnail","7":"category-vera"},"_links":{"self":[{"href":"https:\/\/infovera.com.ar\/web\/wp-json\/wp\/v2\/posts\/50700","targetHints":{"allow":["GET"]}}],"collection":[{"href":"https:\/\/infovera.com.ar\/web\/wp-json\/wp\/v2\/posts"}],"about":[{"href":"https:\/\/infovera.com.ar\/web\/wp-json\/wp\/v2\/types\/post"}],"author":[{"embeddable":true,"href":"https:\/\/infovera.com.ar\/web\/wp-json\/wp\/v2\/users\/3"}],"replies":[{"embeddable":true,"href":"https:\/\/infovera.com.ar\/web\/wp-json\/wp\/v2\/comments?post=50700"}],"version-history":[{"count":0,"href":"https:\/\/infovera.com.ar\/web\/wp-json\/wp\/v2\/posts\/50700\/revisions"}],"wp:featuredmedia":[{"embeddable":true,"href":"https:\/\/infovera.com.ar\/web\/wp-json\/wp\/v2\/media\/50701"}],"wp:attachment":[{"href":"https:\/\/infovera.com.ar\/web\/wp-json\/wp\/v2\/media?parent=50700"}],"wp:term":[{"taxonomy":"category","embeddable":true,"href":"https:\/\/infovera.com.ar\/web\/wp-json\/wp\/v2\/categories?post=50700"},{"taxonomy":"post_tag","embeddable":true,"href":"https:\/\/infovera.com.ar\/web\/wp-json\/wp\/v2\/tags?post=50700"}],"curies":[{"name":"wp","href":"https:\/\/api.w.org\/{rel}","templated":true}]}}